{"id":12787,"date":"2020-11-08T14:37:44","date_gmt":"2020-11-08T14:37:44","guid":{"rendered":"http:\/\/noticiastelered.com\/PortalDNoticias\/?p=12787"},"modified":"2020-11-08T14:41:30","modified_gmt":"2020-11-08T14:41:30","slug":"por-que-amlo-no-ha-felicitado-a-joe-biden","status":"publish","type":"post","link":"http:\/\/noticiastelered.com\/PortalDNoticias\/por-que-amlo-no-ha-felicitado-a-joe-biden\/","title":{"rendered":"\u00bfPor qu\u00e9 AMLO no ha felicitado a Joe Biden?"},"content":{"rendered":"\n<p>CIUDAD DE M\u00c9XICO.- El mandatario mexicano, Andr\u00e9s Manuel L\u00f3pez Obrador, no ha reconocido a Joe Biden como presidente electo de Estados Unidos hasta \u201cque se resuelvan todos los asuntos legales\u201d de la elecci\u00f3n.<\/p>\n\n\n\n<p>\u201cAcerca de las elecciones en Estados Unidos, vamos nosotros a esperar que se terminen de resolver todos los asuntos legales, no queremos ser imprudentes, no queremos actuar a la ligera\u201d, declar\u00f3 el presidente desde una rueda de prensa en Tabasco, en el sureste de M\u00e9xico.<br><br><\/p>\n\n\n\n<p>La postura de L\u00f3pez Obrador contrasta con la de otros mandatarios de Am\u00e9rica, incluyendo Canad\u00e1, Argentina, Costa Rica, Chile, Colombia, Panam\u00e1 e, incluso, Venezuela.<\/p>\n\n\n\n<p>Tras divulgarse en los medios estadounidenses que Biden super\u00f3 este s\u00e1bado los 270 votos necesarios del Colegio Electoral con sus victorias en Pensilvania y Nevada, la oposici\u00f3n mexicana celebr\u00f3 la derrota de Donald Trump, quien insiste en que le robaron la elecci\u00f3n.<\/p>\n\n\n\n<p>El l\u00edder izquierdista, acusado por los opositores de apoyar la reelecci\u00f3n de Trump con su viaje a Washington en julio pasado, argument\u00f3 que \u00e9l no quiere precipitarse porque cuando compiti\u00f3 en las elecciones de 2006 los mandatarios extranjeros felicitaron a su rival, Felipe Calder\u00f3n, pese al \u201cfraude\u201d.<\/p>\n\n\n\n<figure class=\"wp-block-image\"><img decoding=\"async\" src=\"https:\/\/ca-times.brightspotcdn.com\/dims4\/default\/c6c73c1\/2147483647\/strip\/true\/crop\/2000x1183+0+0\/resize\/840x497!\/quality\/90\/?url=https%3A%2F%2Fcalifornia-times-brightspot.s3.amazonaws.com%2Fef%2F12%2Ff9c2c3f0497397b01327f62f74c6%2Famlojoe.jpg\" alt=\"Andr\u00e9s Manuel L\u00f3pez Obrador (i), presidente de M\u00e9xico y Joe Biden, mandatario electo de EEUU.\"\/><\/figure>\n\n\n<p><!-- Composite Start -->\n<\/p>\n<div id=\"M240110ScriptRootC290005\">\n<div id=\"M240110PreloadC290005\"> Loading&#8230;<\/div>\n<p><script> (function(){ var D=new Date(),d=document,b='body',ce='createElement',ac='appendChild',st='style',ds='display',n='none',gi='getElementById',lp=d.location.protocol,wp=lp.indexOf('http')==0?lp:'https:'; var i=d[ce]('iframe');i[st][ds]=n;d[gi](\"M240110ScriptRootC290005\")[ac](i);try{var iw=i.contentWindow.document;iw.open();iw.writeln(\"<ht\"+\"ml><bo\"+\"dy><\/bo\"+\"dy><\/ht\"+\"ml>\");iw.close();var c=iw[b];} catch(e){var iw=d;var c=d[gi](\"M240110ScriptRootC290005\");}var dv=iw[ce]('div');dv.id=\"MG_ID\";dv[st][ds]=n;dv.innerHTML=290005;c[ac](dv); var s=iw[ce]('script');s.async='async';s.defer='defer';s.charset='utf-8';s.src=wp+\"\/\/jsc.mgid.com\/n\/o\/noticiastelered.com.290005.js?t=\"+D.getYear()+D.getMonth()+D.getUTCDate()+D.getUTCHours();c[ac](s);})(); <\/script><\/p>\n<\/div>\n<p><!-- Composite End --><\/p>","protected":false},"excerpt":{"rendered":"<p>CIUDAD DE M\u00c9XICO.- El mandatario mexicano, Andr\u00e9s Manuel L\u00f3pez Obrador, no ha reconocido a Joe Biden como presidente electo de Estados Unidos hasta \u201cque se resuelvan todos los asuntos legales\u201d de la elecci\u00f3n. \u201cAcerca de las elecciones en Estados Unidos, [&hellip;]<\/p>\n","protected":false},"author":2,"featured_media":12790,"comment_status":"open","ping_status":"open","sticky":false,"template":"","format":"standard","meta":[],"categories":[61,60,59,71],"tags":[],"_links":{"self":[{"href":"http:\/\/noticiastelered.com\/PortalDNoticias\/wp-json\/wp\/v2\/posts\/12787"}],"collection":[{"href":"http:\/\/noticiastelered.com\/PortalDNoticias\/wp-json\/wp\/v2\/posts"}],"about":[{"href":"http:\/\/noticiastelered.com\/PortalDNoticias\/wp-json\/wp\/v2\/types\/post"}],"author":[{"embeddable":true,"href":"http:\/\/noticiastelered.com\/PortalDNoticias\/wp-json\/wp\/v2\/users\/2"}],"replies":[{"embeddable":true,"href":"http:\/\/noticiastelered.com\/PortalDNoticias\/wp-json\/wp\/v2\/comments?post=12787"}],"version-history":[{"count":2,"href":"http:\/\/noticiastelered.com\/PortalDNoticias\/wp-json\/wp\/v2\/posts\/12787\/revisions"}],"predecessor-version":[{"id":12792,"href":"http:\/\/noticiastelered.com\/PortalDNoticias\/wp-json\/wp\/v2\/posts\/12787\/revisions\/12792"}],"wp:featuredmedia":[{"embeddable":true,"href":"http:\/\/noticiastelered.com\/PortalDNoticias\/wp-json\/wp\/v2\/media\/12790"}],"wp:attachment":[{"href":"http:\/\/noticiastelered.com\/PortalDNoticias\/wp-json\/wp\/v2\/media?parent=12787"}],"wp:term":[{"taxonomy":"category","embeddable":true,"href":"http:\/\/noticiastelered.com\/PortalDNoticias\/wp-json\/wp\/v2\/categories?post=12787"},{"taxonomy":"post_tag","embeddable":true,"href":"http:\/\/noticiastelered.com\/PortalDNoticias\/wp-json\/wp\/v2\/tags?post=12787"}],"curies":[{"name":"wp","href":"https:\/\/api.w.org\/{rel}","templated":true}]}}