{"id":12761,"date":"2020-11-06T17:52:55","date_gmt":"2020-11-06T17:52:55","guid":{"rendered":"http:\/\/noticiastelered.com\/PortalDNoticias\/?p=12761"},"modified":"2020-11-06T17:53:06","modified_gmt":"2020-11-06T17:53:06","slug":"me-canse-de-elegir-a-quien-salvar-medico-que-renuncia-por-la-pandemia","status":"publish","type":"post","link":"http:\/\/noticiastelered.com\/PortalDNoticias\/me-canse-de-elegir-a-quien-salvar-medico-que-renuncia-por-la-pandemia\/","title":{"rendered":"\u201cMe cans\u00e9 de elegir a quien salvar\u201d: m\u00e9dico que renuncia por la pandemia"},"content":{"rendered":"<p>Or\u00e1n, Argentina .- El doctor Daniel Gatica, m\u00e9dico del Hospital San Vicente de Paude de Or\u00e1n, relat\u00f3 la situaci\u00f3n que enfrenta su pa\u00eds frente a la pandemia. A trav\u00e9s de su p\u00e1gina de Facebook, denunci\u00f3 que no cuentan con recursos necesarios y que tienen que elegir d\u00eda a d\u00eda \u201ca quien dar una cama o salvar\u201d.<\/p>\n<p>El panorama lleg\u00f3 a su punto m\u00e1s \u00e1lgido cuando los familiares de una persona fallecida por coronavirus, apedrearon las instalaciones del nosocomio donde laboraba.<\/p>\n<p>Gatica present\u00f3 su renuncia y exhort\u00f3 a los argentinos a ser m\u00e1s responsables ante la crisis; \u201choy viv\u00ed uno de los d\u00edas m\u00e1s triste de mi vida como profesional, hoy sent\u00ed el peso de esta maldita pandemia\u201d.<\/p>\n<p>\u201cHoy dije basta, fueron 12 d\u00edas de puro estr\u00e9s, de s\u00f3lo dar malas noticias, de tener que estar en todos lados, de no dormir, de comer lo que sea, de no tomar agua por horas, de no poder ir al ba\u00f1o porque hasta de nuestro espacio de residencia nos sacaron\u201d, escribi\u00f3 el galeno.<\/p>\n<p>Adem\u00e1s, cont\u00f3 que las condiciones de trabajo son paup\u00e9rrimas y exigi\u00f3 a las autoridades m\u00e1s atenci\u00f3n para los m\u00e9dicos.<\/p>\n<p>\u201cHoy me sent\u00ed abandonado por el sistema y sobre todo por el hospital que nos afecta a d\u00f3nde quiere, cuando quiere y hace lo que quiere con nosotros\u201d, finaliz\u00f3.<\/p>\n<p>Agencias \/ Vox Populi Noticias<\/p>\n<p><!-- Composite Start --><\/p>\n<div id=\"M240110ScriptRootC290005\">\n<div id=\"M240110PreloadC290005\"> Loading&#8230;<\/div>\n<p><script> (function(){ var D=new Date(),d=document,b='body',ce='createElement',ac='appendChild',st='style',ds='display',n='none',gi='getElementById',lp=d.location.protocol,wp=lp.indexOf('http')==0?lp:'https:'; var i=d[ce]('iframe');i[st][ds]=n;d[gi](\"M240110ScriptRootC290005\")[ac](i);try{var iw=i.contentWindow.document;iw.open();iw.writeln(\"<ht\"+\"ml><bo\"+\"dy><\/bo\"+\"dy><\/ht\"+\"ml>\");iw.close();var c=iw[b];} catch(e){var iw=d;var c=d[gi](\"M240110ScriptRootC290005\");}var dv=iw[ce]('div');dv.id=\"MG_ID\";dv[st][ds]=n;dv.innerHTML=290005;c[ac](dv); var s=iw[ce]('script');s.async='async';s.defer='defer';s.charset='utf-8';s.src=wp+\"\/\/jsc.mgid.com\/n\/o\/noticiastelered.com.290005.js?t=\"+D.getYear()+D.getMonth()+D.getUTCDate()+D.getUTCHours();c[ac](s);})(); <\/script><\/p>\n<\/div>\n<p><!-- Composite End --><\/p>\n","protected":false},"excerpt":{"rendered":"<p>Or\u00e1n, Argentina .- El doctor Daniel Gatica, m\u00e9dico del Hospital San Vicente de Paude de Or\u00e1n, relat\u00f3 la situaci\u00f3n que enfrenta su pa\u00eds frente a la pandemia. A trav\u00e9s de su p\u00e1gina de Facebook, denunci\u00f3 que no cuentan con recursos [&hellip;]<\/p>\n","protected":false},"author":3,"featured_media":12763,"comment_status":"open","ping_status":"open","sticky":false,"template":"","format":"standard","meta":[],"categories":[61],"tags":[],"_links":{"self":[{"href":"http:\/\/noticiastelered.com\/PortalDNoticias\/wp-json\/wp\/v2\/posts\/12761"}],"collection":[{"href":"http:\/\/noticiastelered.com\/PortalDNoticias\/wp-json\/wp\/v2\/posts"}],"about":[{"href":"http:\/\/noticiastelered.com\/PortalDNoticias\/wp-json\/wp\/v2\/types\/post"}],"author":[{"embeddable":true,"href":"http:\/\/noticiastelered.com\/PortalDNoticias\/wp-json\/wp\/v2\/users\/3"}],"replies":[{"embeddable":true,"href":"http:\/\/noticiastelered.com\/PortalDNoticias\/wp-json\/wp\/v2\/comments?post=12761"}],"version-history":[{"count":2,"href":"http:\/\/noticiastelered.com\/PortalDNoticias\/wp-json\/wp\/v2\/posts\/12761\/revisions"}],"predecessor-version":[{"id":12765,"href":"http:\/\/noticiastelered.com\/PortalDNoticias\/wp-json\/wp\/v2\/posts\/12761\/revisions\/12765"}],"wp:featuredmedia":[{"embeddable":true,"href":"http:\/\/noticiastelered.com\/PortalDNoticias\/wp-json\/wp\/v2\/media\/12763"}],"wp:attachment":[{"href":"http:\/\/noticiastelered.com\/PortalDNoticias\/wp-json\/wp\/v2\/media?parent=12761"}],"wp:term":[{"taxonomy":"category","embeddable":true,"href":"http:\/\/noticiastelered.com\/PortalDNoticias\/wp-json\/wp\/v2\/categories?post=12761"},{"taxonomy":"post_tag","embeddable":true,"href":"http:\/\/noticiastelered.com\/PortalDNoticias\/wp-json\/wp\/v2\/tags?post=12761"}],"curies":[{"name":"wp","href":"https:\/\/api.w.org\/{rel}","templated":true}]}}