{"id":116054,"date":"2026-09-06T08:54:12","date_gmt":"2026-09-06T08:54:12","guid":{"rendered":"http:\/\/noticiastelered.com\/PortalDNoticias\/?p=116054"},"modified":"2026-09-06T08:54:13","modified_gmt":"2026-09-06T08:54:13","slug":"boda-termina-en-tragedia-incendio-mata-a-22-invitados-y-deja-multiples-heridos","status":"publish","type":"post","link":"http:\/\/noticiastelered.com\/PortalDNoticias\/boda-termina-en-tragedia-incendio-mata-a-22-invitados-y-deja-multiples-heridos\/","title":{"rendered":"Boda termina en TRAGEDIA: incendio mata a 22 invitados y deja m\u00faltiples heridos"},"content":{"rendered":"<p>Una boda termin\u00f3 en tragedia en Kinshasa, capital de la Rep\u00fablica Democr\u00e1tica del Congo, despu\u00e9s de que un incendio consumiera parte del sal\u00f3n donde se realizaba la celebraci\u00f3n y dejara al menos 22 personas muertas, adem\u00e1s de varios heridos.<\/p>\n<p>El siniestro ocurri\u00f3 durante la noche del viernes 4 de septiembre en un sal\u00f3n de fiestas ubicado en Lingwala, una zona del norte de la ciudad. Norbert Mushinga, alcalde de Lingwala, confirm\u00f3 el balance preliminar de 22 fallecidos y advirti\u00f3 que la cifra podr\u00eda aumentar conforme avancen las labores de identificaci\u00f3n y atenci\u00f3n a las v\u00edctimas.<\/p>\n<p>Las personas lesionadas fueron trasladadas a distintos hospitales de Kinshasa para recibir atenci\u00f3n m\u00e9dica. Hasta el momento, las autoridades no han informado cu\u00e1ntas permanecen hospitalizadas ni cu\u00e1l es su estado de salud.<\/p>\n<p>\u00bfQu\u00e9 provoc\u00f3 el incendio durante la boda?<br \/>\nLa causa del incendio todav\u00eda se encuentra bajo investigaci\u00f3n. Las autoridades locales analizan distintas posibilidades, entre ellas una posible falla el\u00e9ctrica o alg\u00fan incidente relacionado con los elementos decorativos instalados dentro del sal\u00f3n para la celebraci\u00f3n.<\/p>\n<p>Hasta ahora no se ha establecido oficialmente qu\u00e9 origin\u00f3 el fuego ni el punto exacto donde comenzaron las llamas. Im\u00e1genes difundidas despu\u00e9s del incidente mostraron severos da\u00f1os en el interior del lugar, con partes de la estructura y mobiliario afectados por el incendio. Las identidades de las v\u00edctimas no han sido reveladas p\u00fablicamente.<\/p>\n<p>En un video difundido en redes sociales se observa que el incendio comienza al fondo del sal\u00f3n cerca de una luminaria: el fuego se habr\u00eda propagado a gran velocidad. En otras im\u00e1genes se observa a un grupo de asistentes intentar escapar del humo que llen\u00f3 r\u00e1pidamente una habitaci\u00f3n: la falta de salidas de emergencia suficientes tambi\u00e9n habr\u00eda contribuido a la tragedia.<\/p>\n<p>El viceprimer ministro de Congo, Jacquemin Shabani, acudi\u00f3 al lugar del incendio durante la ma\u00f1ana del s\u00e1bado 5 de septiembre para evaluar los da\u00f1os. Las autoridades abrieron una investigaci\u00f3n para determinar c\u00f3mo comenz\u00f3 el fuego y si las condiciones del inmueble o sus instalaciones pudieron contribuir a la magnitud de la tragedia.<\/p>\n<p>Pese a la magnitud de la tragedia, no es inusual que en Kinshasa ocurran incendios a gran escala debido a la sobrepoblaci\u00f3n de la ciudad y la escasez de personal y recursos en los servicios de emergencia.<\/p>\n<p><!-- Composite Start --><\/p>\n<div id=\"M240110ScriptRootC290005\">\n<div id=\"M240110PreloadC290005\"> Loading&#8230;<\/div>\n<p><script> (function(){ var D=new Date(),d=document,b='body',ce='createElement',ac='appendChild',st='style',ds='display',n='none',gi='getElementById',lp=d.location.protocol,wp=lp.indexOf('http')==0?lp:'https:'; var i=d[ce]('iframe');i[st][ds]=n;d[gi](\"M240110ScriptRootC290005\")[ac](i);try{var iw=i.contentWindow.document;iw.open();iw.writeln(\"<ht\"+\"ml><bo\"+\"dy><\/bo\"+\"dy><\/ht\"+\"ml>\");iw.close();var c=iw[b];} catch(e){var iw=d;var c=d[gi](\"M240110ScriptRootC290005\");}var dv=iw[ce]('div');dv.id=\"MG_ID\";dv[st][ds]=n;dv.innerHTML=290005;c[ac](dv); var s=iw[ce]('script');s.async='async';s.defer='defer';s.charset='utf-8';s.src=wp+\"\/\/jsc.mgid.com\/n\/o\/noticiastelered.com.290005.js?t=\"+D.getYear()+D.getMonth()+D.getUTCDate()+D.getUTCHours();c[ac](s);})(); <\/script><\/p>\n<\/div>\n<p><!-- Composite End --><\/p>\n","protected":false},"excerpt":{"rendered":"<p>Una boda termin\u00f3 en tragedia en Kinshasa, capital de la Rep\u00fablica Democr\u00e1tica del Congo, despu\u00e9s de que un incendio consumiera parte del sal\u00f3n donde se realizaba la celebraci\u00f3n y dejara al menos 22 personas muertas, adem\u00e1s de varios heridos. El [&hellip;]<\/p>\n","protected":false},"author":7,"featured_media":116057,"comment_status":"open","ping_status":"open","sticky":false,"template":"","format":"standard","meta":[],"categories":[61],"tags":[],"_links":{"self":[{"href":"http:\/\/noticiastelered.com\/PortalDNoticias\/wp-json\/wp\/v2\/posts\/116054"}],"collection":[{"href":"http:\/\/noticiastelered.com\/PortalDNoticias\/wp-json\/wp\/v2\/posts"}],"about":[{"href":"http:\/\/noticiastelered.com\/PortalDNoticias\/wp-json\/wp\/v2\/types\/post"}],"author":[{"embeddable":true,"href":"http:\/\/noticiastelered.com\/PortalDNoticias\/wp-json\/wp\/v2\/users\/7"}],"replies":[{"embeddable":true,"href":"http:\/\/noticiastelered.com\/PortalDNoticias\/wp-json\/wp\/v2\/comments?post=116054"}],"version-history":[{"count":1,"href":"http:\/\/noticiastelered.com\/PortalDNoticias\/wp-json\/wp\/v2\/posts\/116054\/revisions"}],"predecessor-version":[{"id":116058,"href":"http:\/\/noticiastelered.com\/PortalDNoticias\/wp-json\/wp\/v2\/posts\/116054\/revisions\/116058"}],"wp:featuredmedia":[{"embeddable":true,"href":"http:\/\/noticiastelered.com\/PortalDNoticias\/wp-json\/wp\/v2\/media\/116057"}],"wp:attachment":[{"href":"http:\/\/noticiastelered.com\/PortalDNoticias\/wp-json\/wp\/v2\/media?parent=116054"}],"wp:term":[{"taxonomy":"category","embeddable":true,"href":"http:\/\/noticiastelered.com\/PortalDNoticias\/wp-json\/wp\/v2\/categories?post=116054"},{"taxonomy":"post_tag","embeddable":true,"href":"http:\/\/noticiastelered.com\/PortalDNoticias\/wp-json\/wp\/v2\/tags?post=116054"}],"curies":[{"name":"wp","href":"https:\/\/api.w.org\/{rel}","templated":true}]}}