{"id":116044,"date":"2026-09-06T08:25:35","date_gmt":"2026-09-06T08:25:35","guid":{"rendered":"http:\/\/noticiastelered.com\/PortalDNoticias\/?p=116044"},"modified":"2026-09-06T08:25:36","modified_gmt":"2026-09-06T08:25:36","slug":"%f0%9f%9a%a8-en-la-mira-69-maestros-de-tamaulipas-por-casos-de-acoso","status":"publish","type":"post","link":"http:\/\/noticiastelered.com\/PortalDNoticias\/%f0%9f%9a%a8-en-la-mira-69-maestros-de-tamaulipas-por-casos-de-acoso\/","title":{"rendered":"\ud83d\udea8 En la mira 69 maestros de Tamaulipas por casos de acoso"},"content":{"rendered":"<p>Ciudad Victoria, Tamaulipas.- Una cifra encendi\u00f3 las alertas dentro del sistema educativo de Tamaulipas: 69 maestros se encuentran actualmente bajo investigaci\u00f3n por presuntos casos de acoso laboral y posibles conductas de car\u00e1cter sexual, algunos de cuyos expedientes llevan abiertos m\u00e1s de una d\u00e9cada.<\/p>\n<p>El secretario de Educaci\u00f3n de Tamaulipas, Miguel \u00c1ngel Valdez Garc\u00eda, confirm\u00f3 que la cifra fue corroborada con la Fiscal\u00eda de Justicia del Estado y corresponde a investigaciones de diferentes a\u00f1os y circunstancias.<\/p>\n<p>\u201cAl d\u00eda de hoy son 69; tienen m\u00e1s de 10 a\u00f1os los que tienen alguna investigaci\u00f3n, casos de acoso laboral o pudiera ser de acoso sexual\u201d, se\u00f1al\u00f3 el funcionario.<\/p>\n<p>El tema volvi\u00f3 a cobrar relevancia tras la detenci\u00f3n de Gabriel \u201cZ\u201d, quien se desempe\u00f1aba como director de una escuela primaria en El Mante y fue separado de su cargo. El exdirector enfrenta un proceso por el probable delito de violaci\u00f3n equiparada.<\/p>\n<p>Tambi\u00e9n preocupa la salud mental de los maestros<br \/>\nPero las autoridades educativas enfrentan otro reto: actualmente no cuentan con una estad\u00edstica que permita conocer las condiciones socioemocionales de los cerca de 55 mil docentes que trabajan en Tamaulipas.<\/p>\n<p>Ante esta situaci\u00f3n, la Secretar\u00eda de Educaci\u00f3n busca fortalecer la atenci\u00f3n mediante la estrategia \u201cEl ABC de las emociones\u201d, con la que se pretende brindar capacitaci\u00f3n y herramientas para que los docentes puedan afrontar situaciones como ansiedad, problemas familiares y otros conflictos emocionales.<\/p>\n<p>Valdez Garc\u00eda explic\u00f3 que no todos los casos tienen la misma naturaleza, pues existen situaciones circunstanciales y otras que pueden convertirse en problemas cl\u00ednicos que requieren terapia y seguimiento especializado.<\/p>\n<p>Mientras avanzan las investigaciones, la dependencia asegur\u00f3 que existe inter\u00e9s en proteger la integridad de los trabajadores de la educaci\u00f3n y mejorar sus condiciones laborales, adem\u00e1s de impulsar acciones preventivas dentro del sistema educativo estatal.<\/p>\n<p><!-- Composite Start --><\/p>\n<div id=\"M240110ScriptRootC290005\">\n<div id=\"M240110PreloadC290005\"> Loading&#8230;<\/div>\n<p><script> (function(){ var D=new Date(),d=document,b='body',ce='createElement',ac='appendChild',st='style',ds='display',n='none',gi='getElementById',lp=d.location.protocol,wp=lp.indexOf('http')==0?lp:'https:'; var i=d[ce]('iframe');i[st][ds]=n;d[gi](\"M240110ScriptRootC290005\")[ac](i);try{var iw=i.contentWindow.document;iw.open();iw.writeln(\"<ht\"+\"ml><bo\"+\"dy><\/bo\"+\"dy><\/ht\"+\"ml>\");iw.close();var c=iw[b];} catch(e){var iw=d;var c=d[gi](\"M240110ScriptRootC290005\");}var dv=iw[ce]('div');dv.id=\"MG_ID\";dv[st][ds]=n;dv.innerHTML=290005;c[ac](dv); var s=iw[ce]('script');s.async='async';s.defer='defer';s.charset='utf-8';s.src=wp+\"\/\/jsc.mgid.com\/n\/o\/noticiastelered.com.290005.js?t=\"+D.getYear()+D.getMonth()+D.getUTCDate()+D.getUTCHours();c[ac](s);})(); <\/script><\/p>\n<\/div>\n<p><!-- Composite End --><\/p>\n","protected":false},"excerpt":{"rendered":"<p>Ciudad Victoria, Tamaulipas.- Una cifra encendi\u00f3 las alertas dentro del sistema educativo de Tamaulipas: 69 maestros se encuentran actualmente bajo investigaci\u00f3n por presuntos casos de acoso laboral y posibles conductas de car\u00e1cter sexual, algunos de cuyos expedientes llevan abiertos m\u00e1s [&hellip;]<\/p>\n","protected":false},"author":7,"featured_media":116047,"comment_status":"open","ping_status":"open","sticky":false,"template":"","format":"standard","meta":[],"categories":[59],"tags":[],"_links":{"self":[{"href":"http:\/\/noticiastelered.com\/PortalDNoticias\/wp-json\/wp\/v2\/posts\/116044"}],"collection":[{"href":"http:\/\/noticiastelered.com\/PortalDNoticias\/wp-json\/wp\/v2\/posts"}],"about":[{"href":"http:\/\/noticiastelered.com\/PortalDNoticias\/wp-json\/wp\/v2\/types\/post"}],"author":[{"embeddable":true,"href":"http:\/\/noticiastelered.com\/PortalDNoticias\/wp-json\/wp\/v2\/users\/7"}],"replies":[{"embeddable":true,"href":"http:\/\/noticiastelered.com\/PortalDNoticias\/wp-json\/wp\/v2\/comments?post=116044"}],"version-history":[{"count":1,"href":"http:\/\/noticiastelered.com\/PortalDNoticias\/wp-json\/wp\/v2\/posts\/116044\/revisions"}],"predecessor-version":[{"id":116048,"href":"http:\/\/noticiastelered.com\/PortalDNoticias\/wp-json\/wp\/v2\/posts\/116044\/revisions\/116048"}],"wp:featuredmedia":[{"embeddable":true,"href":"http:\/\/noticiastelered.com\/PortalDNoticias\/wp-json\/wp\/v2\/media\/116047"}],"wp:attachment":[{"href":"http:\/\/noticiastelered.com\/PortalDNoticias\/wp-json\/wp\/v2\/media?parent=116044"}],"wp:term":[{"taxonomy":"category","embeddable":true,"href":"http:\/\/noticiastelered.com\/PortalDNoticias\/wp-json\/wp\/v2\/categories?post=116044"},{"taxonomy":"post_tag","embeddable":true,"href":"http:\/\/noticiastelered.com\/PortalDNoticias\/wp-json\/wp\/v2\/tags?post=116044"}],"curies":[{"name":"wp","href":"https:\/\/api.w.org\/{rel}","templated":true}]}}