{"id":116039,"date":"2026-09-06T08:07:37","date_gmt":"2026-09-06T08:07:37","guid":{"rendered":"http:\/\/noticiastelered.com\/PortalDNoticias\/?p=116039"},"modified":"2026-09-06T08:07:38","modified_gmt":"2026-09-06T08:07:38","slug":"callese-el-hocico-porque-usted-es-empleado-dijo-farath-coronel-a-uno-de-sus-escoltas-un-dia-antes-de-ser-asesinado","status":"publish","type":"post","link":"http:\/\/noticiastelered.com\/PortalDNoticias\/callese-el-hocico-porque-usted-es-empleado-dijo-farath-coronel-a-uno-de-sus-escoltas-un-dia-antes-de-ser-asesinado\/","title":{"rendered":"\u201cC\u00e1llese el hocico, porque usted es empleado\u201d, dijo Farath Coronel a uno de sus escoltas, un d\u00eda antes de ser asesinado"},"content":{"rendered":"<p>Una grabaci\u00f3n que circula en redes sociales muestra al vidente y conductor de televisi\u00f3n reclamando a sus elementos de seguridad por la forma en que realizaban su trabajo. Uno de sus escoltas fue se\u00f1alado inicialmente como posible responsable del crimen.<\/p>\n<p>Un video difundido en redes sociales volvi\u00f3 a colocar bajo los reflectores los \u00faltimos momentos de Farath Coronel, luego de que en la grabaci\u00f3n apareciera discutiendo con integrantes de su equipo de seguridad, presuntamente un d\u00eda antes de ser asesinado.<\/p>\n<p>En las im\u00e1genes, el vidente y conductor de televisi\u00f3n reclama a sus escoltas por la manera en que realizaban sus labores y les exige seguir sus instrucciones para garantizar su protecci\u00f3n.<\/p>\n<p>Durante la discusi\u00f3n, Farath utiliza palabras altisonantes para dirigirse a uno de sus empleados.<\/p>\n<p>\u201cQue venga a decirme a m\u00ed que algo no est\u00e1 de acuerdo, c\u00e1llese el hocico, porque usted es empleado\u201d.<\/p>\n<p>Farath reclamaba la forma en que trabajaban sus escoltas<\/p>\n<p>En otro momento de la grabaci\u00f3n, el conductor explica a sus elementos de seguridad la importancia de mantenerlo protegido en todo momento.<\/p>\n<p>Tambi\u00e9n les habla de la necesidad de organizar turnos para evitar que se quedaran sin vigilancia mientras \u00e9l descansaba o realizaba otras actividades.<\/p>\n<p>\u201cComo escoltas, yo puedo estar delinquiendo, cogiendo, tomando, haciendo lo que quiera y me tienes que cuidar\u201d, se escucha decir a Farath en el video.<\/p>\n<p>La grabaci\u00f3n tambi\u00e9n muestra al conductor reclamando a uno de sus guardaespaldas por presuntamente quedarse dormido durante su jornada.<\/p>\n<p>Farath insiste en que deb\u00eda existir siempre un elemento despierto y pendiente de su seguridad.<\/p>\n<p>\u201cYo no les tengo que ense\u00f1ar a trabajar\u201d<\/p>\n<p>Durante la discusi\u00f3n, el vidente tambi\u00e9n cuestiona el desempe\u00f1o de sus empleados y asegura que hab\u00eda perdido una cantidad importante de dinero relacionada con su personal.<\/p>\n<p>\u201cNo tengo por qu\u00e9 ense\u00f1arles a trabajar\u201d, reclama en otro momento.<\/p>\n<p>Al final de la grabaci\u00f3n habla sobre los ingresos de su empresa y la forma en que, seg\u00fan sus propias palabras, priorizaba sus gastos personales antes que los salarios de sus trabajadores.<\/p>\n<p>\u201cAqu\u00ed primero est\u00e1n mis lujos y mis placeres y despu\u00e9s su sueldo\u201d, afirma.<\/p>\n<p>Posteriormente menciona una cifra de ingresos de 3 millones de pesos.<\/p>\n<p>El video toma relevancia tras su asesinato<\/p>\n<p>La grabaci\u00f3n comenz\u00f3 a circular con mayor fuerza despu\u00e9s del asesinato de Farath Coronel, quien muri\u00f3 tras recibir impactos de arma de fuego.<\/p>\n<p>La publicaci\u00f3n del video llam\u00f3 particularmente la atenci\u00f3n debido a que una de las primeras l\u00edneas de investigaci\u00f3n habr\u00eda contemplado a una persona de su propio equipo de seguridad.<\/p>\n<p>De acuerdo con los se\u00f1alamientos difundidos, uno de sus escoltas, identificado como El\u00edas \u201cN\u201d, fue considerado inicialmente como posible responsable del crimen.<\/p>\n<p>Sin embargo, esa se\u00f1alizaci\u00f3n no significa que su responsabilidad haya sido demostrada, por lo que las autoridades deber\u00e1n determinar qu\u00e9 ocurri\u00f3 y qui\u00e9nes participaron en el homicidio.<\/p>\n<p>\u00bfQu\u00e9 muestra realmente el video?<\/p>\n<p>La grabaci\u00f3n permite observar una discusi\u00f3n entre Farath Coronel y miembros de su equipo de seguridad, as\u00ed como los reclamos del conductor sobre la manera en que realizaban su trabajo.<\/p>\n<p>El material, por s\u00ed mismo, no demuestra que la discusi\u00f3n estuviera relacionada con el posterior asesinato.<\/p>\n<p>Su relevancia radica en que muestra parte del ambiente y las interacciones que rodeaban al conductor poco antes de su muerte, mientras la investigaci\u00f3n busca establecer las circunstancias del crimen.<\/p>\n<p>Las autoridades tendr\u00e1n que determinar si el contenido del video aporta alg\u00fan elemento \u00fatil para esclarecer el homicidio.<\/p>\n<p>Por ahora, la grabaci\u00f3n se suma a los materiales que circulan en redes sociales sobre los \u00faltimos d\u00edas de vida de Farath Coronel.<\/p>\n<p><!-- Composite Start --><\/p>\n<div id=\"M240110ScriptRootC290005\">\n<div id=\"M240110PreloadC290005\"> Loading&#8230;<\/div>\n<p><script> (function(){ var D=new Date(),d=document,b='body',ce='createElement',ac='appendChild',st='style',ds='display',n='none',gi='getElementById',lp=d.location.protocol,wp=lp.indexOf('http')==0?lp:'https:'; var i=d[ce]('iframe');i[st][ds]=n;d[gi](\"M240110ScriptRootC290005\")[ac](i);try{var iw=i.contentWindow.document;iw.open();iw.writeln(\"<ht\"+\"ml><bo\"+\"dy><\/bo\"+\"dy><\/ht\"+\"ml>\");iw.close();var c=iw[b];} catch(e){var iw=d;var c=d[gi](\"M240110ScriptRootC290005\");}var dv=iw[ce]('div');dv.id=\"MG_ID\";dv[st][ds]=n;dv.innerHTML=290005;c[ac](dv); var s=iw[ce]('script');s.async='async';s.defer='defer';s.charset='utf-8';s.src=wp+\"\/\/jsc.mgid.com\/n\/o\/noticiastelered.com.290005.js?t=\"+D.getYear()+D.getMonth()+D.getUTCDate()+D.getUTCHours();c[ac](s);})(); <\/script><\/p>\n<\/div>\n<p><!-- Composite End --><\/p>\n","protected":false},"excerpt":{"rendered":"<p>Una grabaci\u00f3n que circula en redes sociales muestra al vidente y conductor de televisi\u00f3n reclamando a sus elementos de seguridad por la forma en que realizaban su trabajo. Uno de sus escoltas fue se\u00f1alado inicialmente como posible responsable del crimen. [&hellip;]<\/p>\n","protected":false},"author":7,"featured_media":116042,"comment_status":"open","ping_status":"open","sticky":false,"template":"","format":"standard","meta":[],"categories":[66],"tags":[],"_links":{"self":[{"href":"http:\/\/noticiastelered.com\/PortalDNoticias\/wp-json\/wp\/v2\/posts\/116039"}],"collection":[{"href":"http:\/\/noticiastelered.com\/PortalDNoticias\/wp-json\/wp\/v2\/posts"}],"about":[{"href":"http:\/\/noticiastelered.com\/PortalDNoticias\/wp-json\/wp\/v2\/types\/post"}],"author":[{"embeddable":true,"href":"http:\/\/noticiastelered.com\/PortalDNoticias\/wp-json\/wp\/v2\/users\/7"}],"replies":[{"embeddable":true,"href":"http:\/\/noticiastelered.com\/PortalDNoticias\/wp-json\/wp\/v2\/comments?post=116039"}],"version-history":[{"count":1,"href":"http:\/\/noticiastelered.com\/PortalDNoticias\/wp-json\/wp\/v2\/posts\/116039\/revisions"}],"predecessor-version":[{"id":116043,"href":"http:\/\/noticiastelered.com\/PortalDNoticias\/wp-json\/wp\/v2\/posts\/116039\/revisions\/116043"}],"wp:featuredmedia":[{"embeddable":true,"href":"http:\/\/noticiastelered.com\/PortalDNoticias\/wp-json\/wp\/v2\/media\/116042"}],"wp:attachment":[{"href":"http:\/\/noticiastelered.com\/PortalDNoticias\/wp-json\/wp\/v2\/media?parent=116039"}],"wp:term":[{"taxonomy":"category","embeddable":true,"href":"http:\/\/noticiastelered.com\/PortalDNoticias\/wp-json\/wp\/v2\/categories?post=116039"},{"taxonomy":"post_tag","embeddable":true,"href":"http:\/\/noticiastelered.com\/PortalDNoticias\/wp-json\/wp\/v2\/tags?post=116039"}],"curies":[{"name":"wp","href":"https:\/\/api.w.org\/{rel}","templated":true}]}}