{"id":116034,"date":"2026-09-06T08:02:35","date_gmt":"2026-09-06T08:02:35","guid":{"rendered":"http:\/\/noticiastelered.com\/PortalDNoticias\/?p=116034"},"modified":"2026-09-06T08:02:36","modified_gmt":"2026-09-06T08:02:36","slug":"habra-sanciones-por-novatada-advierte-rector-de-la-uat","status":"publish","type":"post","link":"http:\/\/noticiastelered.com\/PortalDNoticias\/habra-sanciones-por-novatada-advierte-rector-de-la-uat\/","title":{"rendered":"Habr\u00e1 sanciones por novatada, advierte rector de la UAT"},"content":{"rendered":"<p>VICTORIA, TAMAULIPAS.- El Rector de la Universidad Aut\u00f3noma de Tamaulipas (UAT), D\u00e1maso Anaya Alvarado, conden\u00f3 los hechos registrados el pasado viernes en la Facultad de Veterinaria, donde un estudiante result\u00f3 hospitalizado, y advirti\u00f3 que se aplicar\u00e1n las sanciones que correspondan a los responsables.<\/p>\n<p>\u201cLa Universidad Aut\u00f3noma de Tamaulipas tiene cero tolerancia, no vamos a permitir que sigan pasando ese tipo de vejaciones\u201d, afirm\u00f3 al se\u00f1alar que la Defensor\u00eda de los Derechos de los Universitarios lleva a cabo las investigaciones del caso.<\/p>\n<p>\u201cVamos a presentar sanciones administrativas fuertes para que esto no vuelva a ocurrir\u201d, sentenci\u00f3 el rector de la UAT.<\/p>\n<p>\u201cCondeno y repruebo de manera contundente cualquier tipo de novatada, rito de iniciaci\u00f3n o pr\u00e1ctica vejatoria hacia las y los alumnos de nuevo ingreso en cualquiera de nuestras instalaciones, estas acciones son inaceptables y vulneran los principios de convivencia y respeto que nos rigen\u201d, afirm\u00f3.<\/p>\n<p>Anaya Alvarado expres\u00f3 su solidaridad con el estudiante y su familia, con quienes se reuni\u00f3 para manifestarles el apoyo, sin embargo, la familia de Tadeo pidi\u00f3 la baja de la Facultad de Veterinaria de la Universidad.<\/p>\n<p>\u201cNos reunimos personalmente con ellos para brindarles el acompa\u00f1amiento integral de la UAT y garantizar las condiciones necesarias para la continuidad de sus estudios; no obstante, la familia tom\u00f3 la determinaci\u00f3n de solicitar la baja de sus documentos y formalizar el retiro de su matr\u00edcula\u201d.<\/p>\n<p>Acompa\u00f1ado de Jos\u00e9 Octavio Merino Charrez, Director de la Facultad de Medicina Veterinaria y Zootecnia y del titular de la Defensor\u00eda de los Derechos de los Estudiantes, Jos\u00e9 de Jes\u00fas Guzm\u00e1n Morales, el Rector se dijo molesto con los hechos que afectaron en esta ocasi\u00f3n a un estudiante.<\/p>\n<p>\u201cEstoy molesto, no queremos que suceda esta situaci\u00f3n nunca m\u00e1s y para eso vamos a actuar en consecuencia, siempre a trav\u00e9s de la legislaci\u00f3n de nuestra universidad, caiga quien caiga, y tendr\u00e1 una sanci\u00f3n fuerte administrativamente\u201d, se\u00f1al\u00f3.<\/p>\n<p>Inform\u00f3 que instruy\u00f3 a la direcci\u00f3n de la facultad a colaborar con las autoridades para el esclarecimiento de los hechos, mientras paralelamente se lleva a cabo una investigaci\u00f3n por parte de la Defensor\u00eda de los Derechos de los Estudiantes.<\/p>\n<p>El Director de la Facultad de Veterinaria confirm\u00f3 que est\u00e1n colaborando con la Fiscal\u00eda de Justicia del Estado en la indagatoria que se realiza del caso y dar con los responsables.<\/p>\n<p>Se\u00f1al\u00f3 que el pr\u00f3ximo martes se llevar\u00e1 a cabo reuni\u00f3n del Consejo T\u00e9cnico para deslindar responsabilidades y aplicar las sanciones que correspondan.<\/p>\n<p>Por su parte, el titular de la Defensor\u00eda de los Derechos de los Estudiantes, dijo que se tienen avances en las investigaciones, mismas que se presentar\u00e1n al Consejo T\u00e9cnico para que tome las determinaciones correspondientes.<\/p>\n<p><!-- Composite Start --><\/p>\n<div id=\"M240110ScriptRootC290005\">\n<div id=\"M240110PreloadC290005\"> Loading&#8230;<\/div>\n<p><script> (function(){ var D=new Date(),d=document,b='body',ce='createElement',ac='appendChild',st='style',ds='display',n='none',gi='getElementById',lp=d.location.protocol,wp=lp.indexOf('http')==0?lp:'https:'; var i=d[ce]('iframe');i[st][ds]=n;d[gi](\"M240110ScriptRootC290005\")[ac](i);try{var iw=i.contentWindow.document;iw.open();iw.writeln(\"<ht\"+\"ml><bo\"+\"dy><\/bo\"+\"dy><\/ht\"+\"ml>\");iw.close();var c=iw[b];} catch(e){var iw=d;var c=d[gi](\"M240110ScriptRootC290005\");}var dv=iw[ce]('div');dv.id=\"MG_ID\";dv[st][ds]=n;dv.innerHTML=290005;c[ac](dv); var s=iw[ce]('script');s.async='async';s.defer='defer';s.charset='utf-8';s.src=wp+\"\/\/jsc.mgid.com\/n\/o\/noticiastelered.com.290005.js?t=\"+D.getYear()+D.getMonth()+D.getUTCDate()+D.getUTCHours();c[ac](s);})(); <\/script><\/p>\n<\/div>\n<p><!-- Composite End --><\/p>\n","protected":false},"excerpt":{"rendered":"<p>VICTORIA, TAMAULIPAS.- El Rector de la Universidad Aut\u00f3noma de Tamaulipas (UAT), D\u00e1maso Anaya Alvarado, conden\u00f3 los hechos registrados el pasado viernes en la Facultad de Veterinaria, donde un estudiante result\u00f3 hospitalizado, y advirti\u00f3 que se aplicar\u00e1n las sanciones que correspondan [&hellip;]<\/p>\n","protected":false},"author":7,"featured_media":116037,"comment_status":"open","ping_status":"open","sticky":false,"template":"","format":"standard","meta":[],"categories":[59],"tags":[],"_links":{"self":[{"href":"http:\/\/noticiastelered.com\/PortalDNoticias\/wp-json\/wp\/v2\/posts\/116034"}],"collection":[{"href":"http:\/\/noticiastelered.com\/PortalDNoticias\/wp-json\/wp\/v2\/posts"}],"about":[{"href":"http:\/\/noticiastelered.com\/PortalDNoticias\/wp-json\/wp\/v2\/types\/post"}],"author":[{"embeddable":true,"href":"http:\/\/noticiastelered.com\/PortalDNoticias\/wp-json\/wp\/v2\/users\/7"}],"replies":[{"embeddable":true,"href":"http:\/\/noticiastelered.com\/PortalDNoticias\/wp-json\/wp\/v2\/comments?post=116034"}],"version-history":[{"count":1,"href":"http:\/\/noticiastelered.com\/PortalDNoticias\/wp-json\/wp\/v2\/posts\/116034\/revisions"}],"predecessor-version":[{"id":116038,"href":"http:\/\/noticiastelered.com\/PortalDNoticias\/wp-json\/wp\/v2\/posts\/116034\/revisions\/116038"}],"wp:featuredmedia":[{"embeddable":true,"href":"http:\/\/noticiastelered.com\/PortalDNoticias\/wp-json\/wp\/v2\/media\/116037"}],"wp:attachment":[{"href":"http:\/\/noticiastelered.com\/PortalDNoticias\/wp-json\/wp\/v2\/media?parent=116034"}],"wp:term":[{"taxonomy":"category","embeddable":true,"href":"http:\/\/noticiastelered.com\/PortalDNoticias\/wp-json\/wp\/v2\/categories?post=116034"},{"taxonomy":"post_tag","embeddable":true,"href":"http:\/\/noticiastelered.com\/PortalDNoticias\/wp-json\/wp\/v2\/tags?post=116034"}],"curies":[{"name":"wp","href":"https:\/\/api.w.org\/{rel}","templated":true}]}}