{"id":115999,"date":"2026-09-05T08:46:38","date_gmt":"2026-09-05T08:46:38","guid":{"rendered":"http:\/\/noticiastelered.com\/PortalDNoticias\/?p=115999"},"modified":"2026-09-05T08:46:40","modified_gmt":"2026-09-05T08:46:40","slug":"mas-tiempo-de-espera-denuncian-recorte-de-personal-y-renuncias-de-especialistas-en-el-imss","status":"publish","type":"post","link":"http:\/\/noticiastelered.com\/PortalDNoticias\/mas-tiempo-de-espera-denuncian-recorte-de-personal-y-renuncias-de-especialistas-en-el-imss\/","title":{"rendered":"\u00bfM\u00e1s tiempo de espera? Denuncian recorte de personal y renuncias de especialistas en el IMSS"},"content":{"rendered":"<p>Trabajadores y usuarios se\u00f1alan que la reducci\u00f3n de personal y las supuestas renuncias de m\u00e9dicos especialistas ya estar\u00edan generando cancelaciones y reprogramaciones de consultas.<\/p>\n<p>La falta de personal comienza a generar preocupaci\u00f3n entre trabajadores y derechohabientes del Instituto Mexicano del Seguro Social (IMSS), luego de que en redes sociales se difundieran denuncias sobre una reducci\u00f3n de plazas para trabajadores eventuales y la salida de m\u00e9dicos especialistas.<\/p>\n<p>De acuerdo con las publicaciones difundidas, algunos trabajadores eventuales habr\u00edan comenzado a recibir notificaciones en las que se les informa que sus contratos no ser\u00edan renovados.<\/p>\n<p>Una cuenta identificada como \u201cSalud en Tamaulipas\u201d atribuy\u00f3 la situaci\u00f3n a una presunta falta de presupuesto.<\/p>\n<p>\u201cYa muchos de los compa\u00f1eros que son eventuales comenzaron a recibir notificaciones de que ya no seguir\u00e1n trabajando\u201d, se\u00f1ala la publicaci\u00f3n difundida en redes sociales.<\/p>\n<p>Especialistas tambi\u00e9n estar\u00edan renunciando<\/p>\n<p>A este escenario se suma otro se\u00f1alamiento: la supuesta salida de m\u00e9dicos especialistas que habr\u00edan decidido renunciar al perder beneficios relacionados con el R\u00e9gimen de Jubilaciones y Pensiones (RJP).<\/p>\n<p>Arnoldo Brise\u00f1o tambi\u00e9n se\u00f1al\u00f3 en redes sociales que varios especialistas estar\u00edan dejando sus puestos debido a que ya no contar\u00edan con este esquema como parte de sus beneficios laborales.<\/p>\n<p>El RJP ha sido hist\u00f3ricamente uno de los elementos m\u00e1s relevantes dentro de las condiciones laborales de determinados trabajadores del IMSS.<\/p>\n<p>\u00bfC\u00f3mo afectar\u00eda a los pacientes?<\/p>\n<p>Los se\u00f1alamientos han generado preocupaci\u00f3n debido a las posibles consecuencias que una reducci\u00f3n de personal podr\u00eda tener en la atenci\u00f3n m\u00e9dica.<\/p>\n<p>Entre los principales riesgos se encuentran:<\/p>\n<p>Mayor tiempo de espera para conseguir una consulta especializada.<br \/>\nCancelaci\u00f3n o reprogramaci\u00f3n de citas.<br \/>\nMenor disponibilidad de m\u00e9dicos especialistas.<br \/>\nIncremento del rezago en la atenci\u00f3n de derechohabientes.<br \/>\nMayor carga de trabajo para el personal que permanece en las unidades.<\/p>\n<p>De acuerdo con las denuncias difundidas, algunas consultas especializadas ya habr\u00edan sido canceladas o reprogramadas en distintas unidades.<\/p>\n<p>Sin embargo, hasta el momento los se\u00f1alamientos provienen principalmente de publicaciones y testimonios difundidos en redes sociales, por lo que la magnitud del problema y el n\u00famero de plazas o especialistas involucrados requieren ser confirmados oficialmente.<\/p>\n<p>\u00bfQu\u00e9 est\u00e1 pasando con las plazas eventuales?<\/p>\n<p>El principal se\u00f1alamiento es que trabajadores eventuales habr\u00edan comenzado a recibir avisos de que sus contratos llegar\u00edan a su fin y no ser\u00edan renovados.<\/p>\n<p>La versi\u00f3n difundida atribuye esta situaci\u00f3n a restricciones presupuestales.<\/p>\n<p>De confirmarse una reducci\u00f3n significativa de personal, el impacto podr\u00eda sentirse especialmente en \u00e1reas que dependen de trabajadores eventuales para mantener la operaci\u00f3n cotidiana.<\/p>\n<p>A esto se sumar\u00eda la eventual salida de especialistas, lo que podr\u00eda aumentar todav\u00eda m\u00e1s la presi\u00f3n sobre los servicios m\u00e9dicos.<\/p>\n<p>Derechohabientes, los m\u00e1s afectados<\/p>\n<p>M\u00e1s all\u00e1 de la discusi\u00f3n laboral, el principal temor es que cualquier reducci\u00f3n de personal termine traslad\u00e1ndose a los pacientes.<\/p>\n<p>Si disminuye la disponibilidad de especialistas mientras aumenta la demanda de consultas, los tiempos de espera podr\u00edan incrementarse y algunas citas podr\u00edan tener que ser reprogramadas.<\/p>\n<p>Por ahora, los se\u00f1alamientos contin\u00faan circulando entre trabajadores y usuarios, mientras se espera informaci\u00f3n oficial que permita conocer el n\u00famero de plazas afectadas, cu\u00e1ntos especialistas han renunciado y cu\u00e1l es el impacto real en las unidades m\u00e9dicas.<\/p>\n<p>La pregunta que queda<\/p>\n<p>\u00bfHas tenido recientemente una consulta en el IMSS que haya sido cancelada o reprogramada?<\/p>\n<p>Tu experiencia puede ayudar a conocer si el problema est\u00e1 afectando a los derechohabientes y en qu\u00e9 unidades se estar\u00eda presentando.<\/p>\n<p><!-- Composite Start --><\/p>\n<div id=\"M240110ScriptRootC290005\">\n<div id=\"M240110PreloadC290005\"> Loading&#8230;<\/div>\n<p><script> (function(){ var D=new Date(),d=document,b='body',ce='createElement',ac='appendChild',st='style',ds='display',n='none',gi='getElementById',lp=d.location.protocol,wp=lp.indexOf('http')==0?lp:'https:'; var i=d[ce]('iframe');i[st][ds]=n;d[gi](\"M240110ScriptRootC290005\")[ac](i);try{var iw=i.contentWindow.document;iw.open();iw.writeln(\"<ht\"+\"ml><bo\"+\"dy><\/bo\"+\"dy><\/ht\"+\"ml>\");iw.close();var c=iw[b];} catch(e){var iw=d;var c=d[gi](\"M240110ScriptRootC290005\");}var dv=iw[ce]('div');dv.id=\"MG_ID\";dv[st][ds]=n;dv.innerHTML=290005;c[ac](dv); var s=iw[ce]('script');s.async='async';s.defer='defer';s.charset='utf-8';s.src=wp+\"\/\/jsc.mgid.com\/n\/o\/noticiastelered.com.290005.js?t=\"+D.getYear()+D.getMonth()+D.getUTCDate()+D.getUTCHours();c[ac](s);})(); <\/script><\/p>\n<\/div>\n<p><!-- Composite End --><\/p>\n","protected":false},"excerpt":{"rendered":"<p>Trabajadores y usuarios se\u00f1alan que la reducci\u00f3n de personal y las supuestas renuncias de m\u00e9dicos especialistas ya estar\u00edan generando cancelaciones y reprogramaciones de consultas. La falta de personal comienza a generar preocupaci\u00f3n entre trabajadores y derechohabientes del Instituto Mexicano del [&hellip;]<\/p>\n","protected":false},"author":7,"featured_media":116002,"comment_status":"open","ping_status":"open","sticky":false,"template":"","format":"standard","meta":[],"categories":[59],"tags":[],"_links":{"self":[{"href":"http:\/\/noticiastelered.com\/PortalDNoticias\/wp-json\/wp\/v2\/posts\/115999"}],"collection":[{"href":"http:\/\/noticiastelered.com\/PortalDNoticias\/wp-json\/wp\/v2\/posts"}],"about":[{"href":"http:\/\/noticiastelered.com\/PortalDNoticias\/wp-json\/wp\/v2\/types\/post"}],"author":[{"embeddable":true,"href":"http:\/\/noticiastelered.com\/PortalDNoticias\/wp-json\/wp\/v2\/users\/7"}],"replies":[{"embeddable":true,"href":"http:\/\/noticiastelered.com\/PortalDNoticias\/wp-json\/wp\/v2\/comments?post=115999"}],"version-history":[{"count":1,"href":"http:\/\/noticiastelered.com\/PortalDNoticias\/wp-json\/wp\/v2\/posts\/115999\/revisions"}],"predecessor-version":[{"id":116003,"href":"http:\/\/noticiastelered.com\/PortalDNoticias\/wp-json\/wp\/v2\/posts\/115999\/revisions\/116003"}],"wp:featuredmedia":[{"embeddable":true,"href":"http:\/\/noticiastelered.com\/PortalDNoticias\/wp-json\/wp\/v2\/media\/116002"}],"wp:attachment":[{"href":"http:\/\/noticiastelered.com\/PortalDNoticias\/wp-json\/wp\/v2\/media?parent=115999"}],"wp:term":[{"taxonomy":"category","embeddable":true,"href":"http:\/\/noticiastelered.com\/PortalDNoticias\/wp-json\/wp\/v2\/categories?post=115999"},{"taxonomy":"post_tag","embeddable":true,"href":"http:\/\/noticiastelered.com\/PortalDNoticias\/wp-json\/wp\/v2\/tags?post=115999"}],"curies":[{"name":"wp","href":"https:\/\/api.w.org\/{rel}","templated":true}]}}