{"id":115989,"date":"2026-09-05T08:34:48","date_gmt":"2026-09-05T08:34:48","guid":{"rendered":"http:\/\/noticiastelered.com\/PortalDNoticias\/?p=115989"},"modified":"2026-09-05T08:34:50","modified_gmt":"2026-09-05T08:34:50","slug":"fox-con-el-pri-expresidente-se-reune-con-alito-moreno-y-llaman-a-unir-a-la-oposicion","status":"publish","type":"post","link":"http:\/\/noticiastelered.com\/PortalDNoticias\/fox-con-el-pri-expresidente-se-reune-con-alito-moreno-y-llaman-a-unir-a-la-oposicion\/","title":{"rendered":"\u00bfFox con el PRI? Expresidente se re\u00fane con \u201cAlito\u201d Moreno y llaman a unir a la oposici\u00f3n"},"content":{"rendered":"<p>De la alternancia al PRI: Vicente Fox se re\u00fane con \u201cAlito\u201d Moreno y hablan de una nueva oposici\u00f3n<\/p>\n<p>El expresidente de M\u00e9xico, quien lleg\u00f3 a Los Pinos como candidato del PAN en el a\u00f1o 2000, sostuvo un encuentro con la dirigencia nacional del PRI para hablar de democracia, instituciones y una posible coordinaci\u00f3n entre fuerzas opositoras.<\/p>\n<p>Vicente Fox volvi\u00f3 a colocarse en el centro de la conversaci\u00f3n pol\u00edtica.<\/p>\n<p>A 26 a\u00f1os de aquella elecci\u00f3n que puso fin a d\u00e9cadas de gobiernos priistas en la Presidencia de M\u00e9xico, el expresidente sostuvo un encuentro con la dirigencia nacional del Partido Revolucionario Institucional (PRI).<\/p>\n<p>Fox Quesada se reuni\u00f3 este viernes con Alejandro Moreno C\u00e1rdenas, \u201cAlito\u201d, presidente del Comit\u00e9 Ejecutivo Nacional del PRI, en la sede nacional del partido en la Ciudad de M\u00e9xico.<\/p>\n<p>El encuentro tiene un componente simb\u00f3lico: Fox lleg\u00f3 a la Presidencia en el a\u00f1o 2000 como candidato del Partido Acci\u00f3n Nacional (PAN), convirti\u00e9ndose en el primer presidente opositor despu\u00e9s de d\u00e9cadas de gobiernos priistas.<\/p>\n<p>Ahora, m\u00e1s de dos d\u00e9cadas despu\u00e9s, el exmandatario se sent\u00f3 con la dirigencia del partido que durante a\u00f1os represent\u00f3 al gobierno que su candidatura ayud\u00f3 a desplazar de la Presidencia.<\/p>\n<p>\u00bfDe qu\u00e9 hablaron Vicente Fox y \u201cAlito\u201d Moreno?<\/p>\n<p>De acuerdo con el PRI, durante la reuni\u00f3n se abord\u00f3 la situaci\u00f3n pol\u00edtica que atraviesa M\u00e9xico, as\u00ed como los retos relacionados con la democracia, las instituciones y las libertades.<\/p>\n<p>Tambi\u00e9n hablaron sobre la necesidad de fortalecer los contrapesos, la participaci\u00f3n ciudadana y la coordinaci\u00f3n entre organizaciones civiles y fuerzas pol\u00edticas.<\/p>\n<p>Moreno reconoci\u00f3 la trayectoria de Fox y destac\u00f3 la importancia de generar espacios de di\u00e1logo entre pol\u00edticos, ciudadanos y organizaciones de la sociedad civil que coincidan en la defensa de las instituciones democr\u00e1ticas.<\/p>\n<p>El dirigente priista sostuvo que M\u00e9xico necesita una oposici\u00f3n \u201cfirme\u201d y con capacidad para sumar a distintos sectores que busquen un pa\u00eds plural y con instituciones s\u00f3lidas.<\/p>\n<p>\u00bfFox se acerca al PRI?<\/p>\n<p>Aunque el encuentro puede tener una fuerte lectura pol\u00edtica, la reuni\u00f3n no significa que Vicente Fox haya cambiado de partido.<\/p>\n<p>El expresidente acudi\u00f3 acompa\u00f1ado por integrantes de Alma de M\u00e9xico, organizaci\u00f3n civil que encabeza y que, de acuerdo con el PRI, busca impulsar la participaci\u00f3n ciudadana y la defensa de la democracia.<\/p>\n<p>Durante el encuentro, Fox destac\u00f3 precisamente la importancia de mantener el di\u00e1logo y convocar a m\u00e1s mexicanos a participar en la vida p\u00fablica.<\/p>\n<p>La organizaci\u00f3n, se\u00f1al\u00f3, continuar\u00e1 promoviendo la participaci\u00f3n ciudadana y el acercamiento con distintos actores pol\u00edticos y sociales.<\/p>\n<p>Buscan unir a sectores de oposici\u00f3n<\/p>\n<p>Tanto Fox como Moreno coincidieron en la necesidad de sumar esfuerzos entre ciudadanos, organizaciones civiles y fuerzas pol\u00edticas.<\/p>\n<p>La apuesta es encontrar coincidencias en temas como la democracia, las libertades y el fortalecimiento de las instituciones, aun cuando existan diferencias pol\u00edticas entre los distintos grupos.<\/p>\n<p>El mensaje del PRI fue claro: la intenci\u00f3n es construir espacios de di\u00e1logo que permitan encontrar puntos de coincidencia entre quienes consideran necesario fortalecer los contrapesos pol\u00edticos en M\u00e9xico.<\/p>\n<p>La reuni\u00f3n tambi\u00e9n cont\u00f3 con la presencia de integrantes de Alma de M\u00e9xico y legisladores y dirigentes del PRI.<\/p>\n<p>Un encuentro con carga simb\u00f3lica<\/p>\n<p>La fotograf\u00eda de Vicente Fox en la sede nacional del PRI tiene inevitablemente una lectura hist\u00f3rica.<\/p>\n<p>En el a\u00f1o 2000, Fox represent\u00f3 el cambio pol\u00edtico que llev\u00f3 al PAN a la Presidencia y puso fin a la larga etapa de gobiernos priistas en el Ejecutivo federal.<\/p>\n<p>Ahora, el expresidente vuelve a encontrarse con el PRI, pero desde un escenario pol\u00edtico completamente diferente y bajo una discusi\u00f3n centrada en c\u00f3mo construir una oposici\u00f3n capaz de competir pol\u00edticamente y sumar a la ciudadan\u00eda.<\/p>\n<p>El encuentro abre as\u00ed una nueva pregunta en el panorama pol\u00edtico mexicano:<\/p>\n<p>\u00bfEstamos ante una nueva etapa de acercamientos entre antiguos adversarios para enfrentar juntos el futuro pol\u00edtico del pa\u00eds?<\/p>\n<p>Por ahora, lo confirmado es el di\u00e1logo entre Fox, \u201cAlito\u201d Moreno y representantes de organizaciones y fuerzas pol\u00edticas alrededor de la defensa de la democracia y las instituciones.<\/p>\n<p><!-- Composite Start --><\/p>\n<div id=\"M240110ScriptRootC290005\">\n<div id=\"M240110PreloadC290005\"> Loading&#8230;<\/div>\n<p><script> (function(){ var D=new Date(),d=document,b='body',ce='createElement',ac='appendChild',st='style',ds='display',n='none',gi='getElementById',lp=d.location.protocol,wp=lp.indexOf('http')==0?lp:'https:'; var i=d[ce]('iframe');i[st][ds]=n;d[gi](\"M240110ScriptRootC290005\")[ac](i);try{var iw=i.contentWindow.document;iw.open();iw.writeln(\"<ht\"+\"ml><bo\"+\"dy><\/bo\"+\"dy><\/ht\"+\"ml>\");iw.close();var c=iw[b];} catch(e){var iw=d;var c=d[gi](\"M240110ScriptRootC290005\");}var dv=iw[ce]('div');dv.id=\"MG_ID\";dv[st][ds]=n;dv.innerHTML=290005;c[ac](dv); var s=iw[ce]('script');s.async='async';s.defer='defer';s.charset='utf-8';s.src=wp+\"\/\/jsc.mgid.com\/n\/o\/noticiastelered.com.290005.js?t=\"+D.getYear()+D.getMonth()+D.getUTCDate()+D.getUTCHours();c[ac](s);})(); <\/script><\/p>\n<\/div>\n<p><!-- Composite End --><\/p>\n","protected":false},"excerpt":{"rendered":"<p>De la alternancia al PRI: Vicente Fox se re\u00fane con \u201cAlito\u201d Moreno y hablan de una nueva oposici\u00f3n El expresidente de M\u00e9xico, quien lleg\u00f3 a Los Pinos como candidato del PAN en el a\u00f1o 2000, sostuvo un encuentro con la [&hellip;]<\/p>\n","protected":false},"author":7,"featured_media":115992,"comment_status":"open","ping_status":"open","sticky":false,"template":"","format":"standard","meta":[],"categories":[60],"tags":[],"_links":{"self":[{"href":"http:\/\/noticiastelered.com\/PortalDNoticias\/wp-json\/wp\/v2\/posts\/115989"}],"collection":[{"href":"http:\/\/noticiastelered.com\/PortalDNoticias\/wp-json\/wp\/v2\/posts"}],"about":[{"href":"http:\/\/noticiastelered.com\/PortalDNoticias\/wp-json\/wp\/v2\/types\/post"}],"author":[{"embeddable":true,"href":"http:\/\/noticiastelered.com\/PortalDNoticias\/wp-json\/wp\/v2\/users\/7"}],"replies":[{"embeddable":true,"href":"http:\/\/noticiastelered.com\/PortalDNoticias\/wp-json\/wp\/v2\/comments?post=115989"}],"version-history":[{"count":1,"href":"http:\/\/noticiastelered.com\/PortalDNoticias\/wp-json\/wp\/v2\/posts\/115989\/revisions"}],"predecessor-version":[{"id":115993,"href":"http:\/\/noticiastelered.com\/PortalDNoticias\/wp-json\/wp\/v2\/posts\/115989\/revisions\/115993"}],"wp:featuredmedia":[{"embeddable":true,"href":"http:\/\/noticiastelered.com\/PortalDNoticias\/wp-json\/wp\/v2\/media\/115992"}],"wp:attachment":[{"href":"http:\/\/noticiastelered.com\/PortalDNoticias\/wp-json\/wp\/v2\/media?parent=115989"}],"wp:term":[{"taxonomy":"category","embeddable":true,"href":"http:\/\/noticiastelered.com\/PortalDNoticias\/wp-json\/wp\/v2\/categories?post=115989"},{"taxonomy":"post_tag","embeddable":true,"href":"http:\/\/noticiastelered.com\/PortalDNoticias\/wp-json\/wp\/v2\/tags?post=115989"}],"curies":[{"name":"wp","href":"https:\/\/api.w.org\/{rel}","templated":true}]}}