{"id":115979,"date":"2026-09-05T08:25:24","date_gmt":"2026-09-05T08:25:24","guid":{"rendered":"http:\/\/noticiastelered.com\/PortalDNoticias\/?p=115979"},"modified":"2026-09-05T08:25:25","modified_gmt":"2026-09-05T08:25:25","slug":"amarrado-a-un-arbol-y-abandonado-15-dias-rescatan-a-perro-en-ciudad-victoria","status":"publish","type":"post","link":"http:\/\/noticiastelered.com\/PortalDNoticias\/amarrado-a-un-arbol-y-abandonado-15-dias-rescatan-a-perro-en-ciudad-victoria\/","title":{"rendered":"Amarrado a un \u00e1rbol y abandonado 15 d\u00edas: rescatan a perro en Ciudad Victoria"},"content":{"rendered":"\n<p><strong>El animal fue localizado en un domicilio de la colonia Libertad durante una diligencia de la Fiscal\u00eda por un posible caso de maltrato animal. Estaba sin agua ni comida y presentaba signos de desnutrici\u00f3n.<\/strong><\/p>\n\n\n\n<p><strong>Amarrado a un \u00e1rbol, sin agua ni comida y en aparente estado de abandono.<\/strong> As\u00ed fue localizado un perro que llevaba aproximadamente 15 d\u00edas solo dentro de un domicilio de la colonia Libertad, en Ciudad Victoria.<\/p>\n\n\n\n<p>El rescate ocurri\u00f3 durante una diligencia realizada por la <strong>Fiscal\u00eda General de Justicia de Tamaulipas<\/strong>, luego de que la propietaria del inmueble denunciara la situaci\u00f3n.<\/p>\n\n\n\n<p>La mujer acudi\u00f3 a revisar la vivienda despu\u00e9s de que el inquilino que la rentaba dej\u00f3 de responderle. Al ingresar descubri\u00f3 que el perro hab\u00eda quedado solo y decidi\u00f3 solicitar ayuda.<\/p>\n\n\n\n<p>De acuerdo con la activista y rescatista <strong>M\u00eda Fressy<\/strong>, el animal llevaba alrededor de 15 d\u00edas en esas condiciones.<\/p>\n\n\n\n<p>\u201cTen\u00eda 15 d\u00edas el perro sin agua ni comida\u201d, relat\u00f3.<\/p>\n\n\n\n<p>La rescatista tambi\u00e9n explic\u00f3 que el llanto del animal era tan fuerte que pod\u00eda escucharse desde una distancia considerable.<\/p>\n\n\n\n<h2 class=\"wp-block-heading\">El llanto del perro alert\u00f3 sobre el abandono<\/h2>\n\n\n\n<p>Cuando las personas acudieron al domicilio, encontraron al perro amarrado a un \u00e1rbol.<\/p>\n\n\n\n<p>\u201cEstaba llorando\u2026 hasta la esquina se escuchaba\u201d, cont\u00f3 Fressy.<\/p>\n\n\n\n<p>La intervenci\u00f3n pudo realizarse despu\u00e9s de que la propietaria autoriz\u00f3 el acceso al inmueble y present\u00f3 una denuncia ante la Fiscal\u00eda.<\/p>\n\n\n\n<p>La activista explic\u00f3 que era importante dejar un antecedente formal para que el animal pudiera ser retirado legalmente y, en caso de acreditarse alguna responsabilidad, se pudiera actuar conforme a la ley.<\/p>\n\n\n\n<p>Durante la diligencia participaron <strong>agentes de la Fiscal\u00eda, peritos y personal municipal relacionado con las \u00e1reas ambiental y de protecci\u00f3n animal<\/strong>.<\/p>\n\n\n\n<p>El perro fue localizado dentro del domicilio y posteriormente trasladado para recibir atenci\u00f3n veterinaria.<\/p>\n\n\n\n<h2 class=\"wp-block-heading\">\u00bfC\u00f3mo encontraron al perro?<\/h2>\n\n\n\n<p>El animal es de talla mediana y tiene aproximadamente entre <strong>dos y tres a\u00f1os de edad<\/strong>.<\/p>\n\n\n\n<p>Durante la valoraci\u00f3n inicial present\u00f3 <strong>dermatitis y zonas sin pelo en una de sus orejas<\/strong>. En t\u00e9rminos generales se encontraba estable, aunque tambi\u00e9n se detectaron indicios de una ligera desnutrici\u00f3n.<\/p>\n\n\n\n<p>Ser\u00e1n los estudios veterinarios los que permitan determinar con mayor precisi\u00f3n cu\u00e1l fue el impacto que tuvo el periodo que permaneci\u00f3 abandonado.<\/p>\n\n\n\n<p>Por ahora, el caso contin\u00faa bajo investigaci\u00f3n de la Fiscal\u00eda, que deber\u00e1 establecer qu\u00e9 ocurri\u00f3 y si existen responsabilidades por el posible maltrato.<\/p>\n\n\n\n<h2 class=\"wp-block-heading\">Buscan evitar que vuelva a ocurrir<\/h2>\n\n\n\n<p>Para M\u00eda Fressy, el rescate no termina simplemente con sacar al perro del inmueble.<\/p>\n\n\n\n<p>La activista considera fundamental que exista una denuncia y un antecedente formal que permitan investigar los hechos y, en caso de comprobarse una conducta sancionable, evitar que una situaci\u00f3n similar vuelva a repetirse.<\/p>\n\n\n\n<p>\u201cLe dije que ten\u00eda que poner la denuncia en Fiscal\u00eda para que nosotros pudi\u00e9ramos tomarlo bajo resguardo, que hubiera un antecedente y se pueda castigar al due\u00f1o\u201d, explic\u00f3.<\/p>\n\n\n\n<h2 class=\"wp-block-heading\">Alrededor de 40 animales habr\u00edan sido rescatados este a\u00f1o<\/h2>\n\n\n\n<p>El caso se suma a otras denuncias por maltrato animal registradas en Ciudad Victoria.<\/p>\n\n\n\n<p>De acuerdo con una estimaci\u00f3n de la propia M\u00eda Fressy, durante 2026 se han retirado alrededor de <strong>40 animales de situaciones de maltrato<\/strong>, aunque se\u00f1al\u00f3 que todav\u00eda necesita revisar los registros para confirmar la cifra definitiva.<\/p>\n\n\n\n<p>Tambi\u00e9n indic\u00f3 que aproximadamente <strong>seis personas han sido sancionadas mediante procesos de conciliaci\u00f3n<\/strong> en casos relacionados con animales mantenidos amarrados en la v\u00eda p\u00fablica, expuestos al sol o en condiciones consideradas inadecuadas.<\/p>\n\n\n\n<p>Entre los casos que record\u00f3 se encuentra el de una perra que hab\u00eda dado a luz en la calle y permanec\u00eda amarrada, situaci\u00f3n en la que estuvo a punto de ahorcarse.<\/p>\n\n\n\n<h2 class=\"wp-block-heading\">\u201cNo es que haya m\u00e1s maltrato, es que est\u00e1n denunciando\u201d<\/h2>\n\n\n\n<p>Para la rescatista, el incremento en los casos conocidos no necesariamente significa que exista m\u00e1s maltrato animal.<\/p>\n\n\n\n<p>Considera que una de las razones es que <strong>cada vez m\u00e1s ciudadanos se est\u00e1n animando a denunciar<\/strong> cuando detectan animales en condiciones de abandono o maltrato.<\/p>\n\n\n\n<p>El perro rescatado en la colonia Libertad permanecer\u00e1 bajo atenci\u00f3n mientras contin\u00faa la investigaci\u00f3n.<\/p>\n\n\n\n<h3 class=\"wp-block-heading\">Numeralia<\/h3>\n\n\n\n<ul>\n<li><strong>15 d\u00edas:<\/strong> tiempo aproximado que el perro habr\u00eda permanecido sin agua ni comida.<\/li>\n\n\n\n<li><strong>1 perro:<\/strong> animal rescatado durante la diligencia.<\/li>\n\n\n\n<li><strong>2 a 3 a\u00f1os:<\/strong> edad aproximada del canino.<\/li>\n\n\n\n<li><strong>1 \u00e1rbol:<\/strong> lugar al que permanec\u00eda amarrado.<\/li>\n\n\n\n<li><strong>4 de septiembre:<\/strong> fecha de la diligencia.<\/li>\n\n\n\n<li><strong>1 denuncia:<\/strong> presentada por la propietaria del inmueble.<\/li>\n\n\n\n<li><strong>40 animales:<\/strong> estimaci\u00f3n de rescates por maltrato durante 2026, seg\u00fan M\u00eda Fressy.<\/li>\n\n\n\n<li><strong>6 personas:<\/strong> aproximadamente sancionadas mediante conciliaci\u00f3n, seg\u00fan la activista.<\/li>\n\n\n\n<li><strong>1 colonia:<\/strong> Libertad, donde ocurri\u00f3 el rescate.<\/li>\n<\/ul>\n\n\n<p><!-- Composite Start --><\/p>\n<div id=\"M240110ScriptRootC290005\">\n<div id=\"M240110PreloadC290005\"> Loading&#8230;<\/div>\n<p><script> (function(){ var D=new Date(),d=document,b='body',ce='createElement',ac='appendChild',st='style',ds='display',n='none',gi='getElementById',lp=d.location.protocol,wp=lp.indexOf('http')==0?lp:'https:'; var i=d[ce]('iframe');i[st][ds]=n;d[gi](\"M240110ScriptRootC290005\")[ac](i);try{var iw=i.contentWindow.document;iw.open();iw.writeln(\"<ht\"+\"ml><bo\"+\"dy><\/bo\"+\"dy><\/ht\"+\"ml>\");iw.close();var c=iw[b];} catch(e){var iw=d;var c=d[gi](\"M240110ScriptRootC290005\");}var dv=iw[ce]('div');dv.id=\"MG_ID\";dv[st][ds]=n;dv.innerHTML=290005;c[ac](dv); var s=iw[ce]('script');s.async='async';s.defer='defer';s.charset='utf-8';s.src=wp+\"\/\/jsc.mgid.com\/n\/o\/noticiastelered.com.290005.js?t=\"+D.getYear()+D.getMonth()+D.getUTCDate()+D.getUTCHours();c[ac](s);})(); <\/script><\/p>\n<\/div>\n<p><!-- Composite End --><\/p>","protected":false},"excerpt":{"rendered":"<p>El animal fue localizado en un domicilio de la colonia Libertad durante una diligencia de la Fiscal\u00eda por un posible caso de maltrato animal. Estaba sin agua ni comida y presentaba signos de desnutrici\u00f3n. Amarrado a un \u00e1rbol, sin agua [&hellip;]<\/p>\n","protected":false},"author":7,"featured_media":115982,"comment_status":"open","ping_status":"open","sticky":false,"template":"","format":"standard","meta":[],"categories":[59],"tags":[],"_links":{"self":[{"href":"http:\/\/noticiastelered.com\/PortalDNoticias\/wp-json\/wp\/v2\/posts\/115979"}],"collection":[{"href":"http:\/\/noticiastelered.com\/PortalDNoticias\/wp-json\/wp\/v2\/posts"}],"about":[{"href":"http:\/\/noticiastelered.com\/PortalDNoticias\/wp-json\/wp\/v2\/types\/post"}],"author":[{"embeddable":true,"href":"http:\/\/noticiastelered.com\/PortalDNoticias\/wp-json\/wp\/v2\/users\/7"}],"replies":[{"embeddable":true,"href":"http:\/\/noticiastelered.com\/PortalDNoticias\/wp-json\/wp\/v2\/comments?post=115979"}],"version-history":[{"count":1,"href":"http:\/\/noticiastelered.com\/PortalDNoticias\/wp-json\/wp\/v2\/posts\/115979\/revisions"}],"predecessor-version":[{"id":115983,"href":"http:\/\/noticiastelered.com\/PortalDNoticias\/wp-json\/wp\/v2\/posts\/115979\/revisions\/115983"}],"wp:featuredmedia":[{"embeddable":true,"href":"http:\/\/noticiastelered.com\/PortalDNoticias\/wp-json\/wp\/v2\/media\/115982"}],"wp:attachment":[{"href":"http:\/\/noticiastelered.com\/PortalDNoticias\/wp-json\/wp\/v2\/media?parent=115979"}],"wp:term":[{"taxonomy":"category","embeddable":true,"href":"http:\/\/noticiastelered.com\/PortalDNoticias\/wp-json\/wp\/v2\/categories?post=115979"},{"taxonomy":"post_tag","embeddable":true,"href":"http:\/\/noticiastelered.com\/PortalDNoticias\/wp-json\/wp\/v2\/tags?post=115979"}],"curies":[{"name":"wp","href":"https:\/\/api.w.org\/{rel}","templated":true}]}}