{"id":115974,"date":"2026-09-05T08:19:26","date_gmt":"2026-09-05T08:19:26","guid":{"rendered":"http:\/\/noticiastelered.com\/PortalDNoticias\/?p=115974"},"modified":"2026-09-05T08:19:28","modified_gmt":"2026-09-05T08:19:28","slug":"sheinbaum-regresa-presidenta-visitara-tamaulipas-el-10-de-septiembre","status":"publish","type":"post","link":"http:\/\/noticiastelered.com\/PortalDNoticias\/sheinbaum-regresa-presidenta-visitara-tamaulipas-el-10-de-septiembre\/","title":{"rendered":"\u00a1Sheinbaum regresa! Presidenta visitar\u00e1 Tamaulipas el 10 de septiembre"},"content":{"rendered":"<p>TAMAULIPAS, M\u00c9XICO.- La Presidenta Claudia Sheinbaum Pardo regresar\u00e1 a Tamaulipas el pr\u00f3ximo 10 de septiembre para presentar ante los tamaulipecos parte de los resultados expuestos en su informe de gobierno, inform\u00f3 el gobernador Am\u00e9rico Villarreal Anaya.<\/p>\n<p>El mandatario estatal se\u00f1al\u00f3 que la visita se realizar\u00e1 nuevamente en Ciudad Victoria, aunque hasta ahora no se han definido p\u00fablicamente el horario, el lugar espec\u00edfico ni las caracter\u00edsticas que tendr\u00e1 el encuentro.<\/p>\n<p>Villarreal Anaya explic\u00f3 que la gira forma parte de la estrategia de la Presidenta para llevar a las entidades federativas los principales temas abordados durante su informe, incorporando adem\u00e1s los asuntos particulares de cada estado.<\/p>\n<p>\u201cNos han informado la agenda que va a tener la Presidenta. Como el a\u00f1o pasado, va a replicar en las entidades el contenido de su informe y, seguramente, tambi\u00e9n las particularidades de cada estado\u201d, coment\u00f3.<\/p>\n<p>Un d\u00eda antes, la Presidenta Claudia Sheinbaum durante su conferencia matutina, se prev\u00e9 que tenga un enlace en el llamado \u201cMi\u00e9rcoles de Vivienda\u201d con el Gobernador Am\u00e9rico Villarreal Anaya en el municipio de Matamoros, que forma parte del programa Vivienda para el Bienestar en Tamaulipas.<\/p>\n<p>El programa contempla municipios como Victoria, Reynosa, Matamoros, Nuevo Laredo, Altamira, El Mante y R\u00edo Bravo, donde se construir\u00e1n hasta 84,026 nuevas viviendas a lo largo del sexenio.<\/p>\n<p>De este total, los proyectos espec\u00edficos aprobados y estructurados m\u00e1s recientemente suman 78,898 viviendas, Infonavit suma 58,898 viviendas (destinadas a trabajadores con empleo formal) y Conavi 20,000 viviendas (para personas sin seguridad social y en situaci\u00f3n de vulnerabilidad).<\/p>\n<p><!-- Composite Start --><\/p>\n<div id=\"M240110ScriptRootC290005\">\n<div id=\"M240110PreloadC290005\"> Loading&#8230;<\/div>\n<p><script> (function(){ var D=new Date(),d=document,b='body',ce='createElement',ac='appendChild',st='style',ds='display',n='none',gi='getElementById',lp=d.location.protocol,wp=lp.indexOf('http')==0?lp:'https:'; var i=d[ce]('iframe');i[st][ds]=n;d[gi](\"M240110ScriptRootC290005\")[ac](i);try{var iw=i.contentWindow.document;iw.open();iw.writeln(\"<ht\"+\"ml><bo\"+\"dy><\/bo\"+\"dy><\/ht\"+\"ml>\");iw.close();var c=iw[b];} catch(e){var iw=d;var c=d[gi](\"M240110ScriptRootC290005\");}var dv=iw[ce]('div');dv.id=\"MG_ID\";dv[st][ds]=n;dv.innerHTML=290005;c[ac](dv); var s=iw[ce]('script');s.async='async';s.defer='defer';s.charset='utf-8';s.src=wp+\"\/\/jsc.mgid.com\/n\/o\/noticiastelered.com.290005.js?t=\"+D.getYear()+D.getMonth()+D.getUTCDate()+D.getUTCHours();c[ac](s);})(); <\/script><\/p>\n<\/div>\n<p><!-- Composite End --><\/p>\n","protected":false},"excerpt":{"rendered":"<p>TAMAULIPAS, M\u00c9XICO.- La Presidenta Claudia Sheinbaum Pardo regresar\u00e1 a Tamaulipas el pr\u00f3ximo 10 de septiembre para presentar ante los tamaulipecos parte de los resultados expuestos en su informe de gobierno, inform\u00f3 el gobernador Am\u00e9rico Villarreal Anaya. El mandatario estatal se\u00f1al\u00f3 [&hellip;]<\/p>\n","protected":false},"author":7,"featured_media":115977,"comment_status":"open","ping_status":"open","sticky":false,"template":"","format":"standard","meta":[],"categories":[59],"tags":[],"_links":{"self":[{"href":"http:\/\/noticiastelered.com\/PortalDNoticias\/wp-json\/wp\/v2\/posts\/115974"}],"collection":[{"href":"http:\/\/noticiastelered.com\/PortalDNoticias\/wp-json\/wp\/v2\/posts"}],"about":[{"href":"http:\/\/noticiastelered.com\/PortalDNoticias\/wp-json\/wp\/v2\/types\/post"}],"author":[{"embeddable":true,"href":"http:\/\/noticiastelered.com\/PortalDNoticias\/wp-json\/wp\/v2\/users\/7"}],"replies":[{"embeddable":true,"href":"http:\/\/noticiastelered.com\/PortalDNoticias\/wp-json\/wp\/v2\/comments?post=115974"}],"version-history":[{"count":1,"href":"http:\/\/noticiastelered.com\/PortalDNoticias\/wp-json\/wp\/v2\/posts\/115974\/revisions"}],"predecessor-version":[{"id":115978,"href":"http:\/\/noticiastelered.com\/PortalDNoticias\/wp-json\/wp\/v2\/posts\/115974\/revisions\/115978"}],"wp:featuredmedia":[{"embeddable":true,"href":"http:\/\/noticiastelered.com\/PortalDNoticias\/wp-json\/wp\/v2\/media\/115977"}],"wp:attachment":[{"href":"http:\/\/noticiastelered.com\/PortalDNoticias\/wp-json\/wp\/v2\/media?parent=115974"}],"wp:term":[{"taxonomy":"category","embeddable":true,"href":"http:\/\/noticiastelered.com\/PortalDNoticias\/wp-json\/wp\/v2\/categories?post=115974"},{"taxonomy":"post_tag","embeddable":true,"href":"http:\/\/noticiastelered.com\/PortalDNoticias\/wp-json\/wp\/v2\/tags?post=115974"}],"curies":[{"name":"wp","href":"https:\/\/api.w.org\/{rel}","templated":true}]}}