{"id":115969,"date":"2026-09-05T08:14:41","date_gmt":"2026-09-05T08:14:41","guid":{"rendered":"http:\/\/noticiastelered.com\/PortalDNoticias\/?p=115969"},"modified":"2026-09-05T08:14:42","modified_gmt":"2026-09-05T08:14:42","slug":"adios-a-los-huertos-escuelas-de-tamaulipas-podrian-producir-arboles-para-reforestar","status":"publish","type":"post","link":"http:\/\/noticiastelered.com\/PortalDNoticias\/adios-a-los-huertos-escuelas-de-tamaulipas-podrian-producir-arboles-para-reforestar\/","title":{"rendered":"\u00a1Adi\u00f3s a los huertos! Escuelas de Tamaulipas podr\u00edan producir \u00e1rboles para reforestar"},"content":{"rendered":"<p>Los planteles educativos podr\u00edan convertirse en peque\u00f1os viveros para producir especies regionales que posteriormente ser\u00edan utilizadas en \u00e1reas verdes, zonas urbanas y espacios naturales protegidos.<\/p>\n<p>Las escuelas de Tamaulipas podr\u00edan asumir una nueva tarea: producir los \u00e1rboles y plantas que ser\u00e1n utilizados para reforestar distintas zonas del estado.<\/p>\n<p>La propuesta forma parte de un programa piloto que prepara la Secretar\u00eda de Desarrollo Urbano y Medio Ambiente (SEDUMA), en coordinaci\u00f3n con la Secretar\u00eda de Educaci\u00f3n.<\/p>\n<p>Pero hay una diferencia importante: no se trata de crear huertos escolares.<\/p>\n<p>La intenci\u00f3n es que algunos planteles funcionen como peque\u00f1os viveros, donde los estudiantes participen en la producci\u00f3n de especies regionales seleccionadas de acuerdo con las condiciones ambientales de cada zona de Tamaulipas.<\/p>\n<p>\u00bfQu\u00e9 producir\u00edan los estudiantes?<\/p>\n<p>El titular de SEDUMA, Karl Heinz Becker Hern\u00e1ndez, explic\u00f3 que actualmente se trabaja en la colecta de semillas y en la preparaci\u00f3n del programa, que busca aprovechar la infraestructura y participaci\u00f3n de las comunidades escolares.<\/p>\n<p>La dependencia cuenta con un cat\u00e1logo y una base de datos de plantas regionales. Esta informaci\u00f3n permite conocer qu\u00e9 especies pueden desarrollarse adecuadamente en las diferentes regiones del estado.<\/p>\n<p>La idea es sencilla: producir localmente plantas que est\u00e9n adaptadas al lugar donde posteriormente ser\u00e1n sembradas.<\/p>\n<p>De las escuelas a las \u00e1reas de reforestaci\u00f3n<\/p>\n<p>Una vez que los \u00e1rboles y plantas alcancen las condiciones necesarias, podr\u00edan salir de las escuelas para incorporarse a diferentes proyectos de recuperaci\u00f3n ambiental.<\/p>\n<p>Entre los posibles destinos se encuentran:<\/p>\n<p>\u00c1reas naturales protegidas.<br \/>\nParques y \u00e1reas verdes.<br \/>\nEspacios urbanos.<br \/>\nZonas que requieran trabajos de reforestaci\u00f3n.<\/p>\n<p>De esta manera, los planteles educativos no solamente funcionar\u00edan como espacios para ense\u00f1ar sobre el cuidado del medio ambiente, sino que tambi\u00e9n podr\u00edan generar directamente las plantas necesarias para recuperar ecosistemas y \u00e1reas verdes.<\/p>\n<p>Ya hicieron una prueba piloto<\/p>\n<p>Becker Hern\u00e1ndez se\u00f1al\u00f3 que SEDUMA ya realiz\u00f3 un peque\u00f1o ejercicio piloto que permiti\u00f3 conocer algunos aspectos de la producci\u00f3n de las especies.<\/p>\n<p>Los resultados de esta primera experiencia servir\u00e1n para ampliar el proyecto y definir c\u00f3mo podr\u00eda implementarse en m\u00e1s escuelas.<\/p>\n<p>El siguiente paso ser\u00e1 fortalecer la coordinaci\u00f3n con la Secretar\u00eda de Educaci\u00f3n y determinar los planteles y especies que podr\u00edan incorporarse al programa.<\/p>\n<p>\u00bfCu\u00e1ndo comenzar\u00eda?<\/p>\n<p>La intenci\u00f3n es que el programa pueda comenzar despu\u00e9s de la temporada de lluvias, una etapa considerada favorable para las labores de siembra y reforestaci\u00f3n.<\/p>\n<p>Con este proyecto, Tamaulipas busca que los estudiantes tengan una participaci\u00f3n m\u00e1s directa en las acciones ambientales.<\/p>\n<p>La apuesta es que una semilla pueda comenzar su proceso dentro de una escuela y terminar formando parte de un parque, un \u00e1rea natural protegida o una zona que necesite recuperar su vegetaci\u00f3n.<\/p>\n<p>\u00bfTe gustar\u00eda que la escuela de tus hijos tuviera un vivero para producir \u00e1rboles que despu\u00e9s fueran sembrados en Tamaulipas?<\/p>\n<p><!-- Composite Start --><\/p>\n<div id=\"M240110ScriptRootC290005\">\n<div id=\"M240110PreloadC290005\"> Loading&#8230;<\/div>\n<p><script> (function(){ var D=new Date(),d=document,b='body',ce='createElement',ac='appendChild',st='style',ds='display',n='none',gi='getElementById',lp=d.location.protocol,wp=lp.indexOf('http')==0?lp:'https:'; var i=d[ce]('iframe');i[st][ds]=n;d[gi](\"M240110ScriptRootC290005\")[ac](i);try{var iw=i.contentWindow.document;iw.open();iw.writeln(\"<ht\"+\"ml><bo\"+\"dy><\/bo\"+\"dy><\/ht\"+\"ml>\");iw.close();var c=iw[b];} catch(e){var iw=d;var c=d[gi](\"M240110ScriptRootC290005\");}var dv=iw[ce]('div');dv.id=\"MG_ID\";dv[st][ds]=n;dv.innerHTML=290005;c[ac](dv); var s=iw[ce]('script');s.async='async';s.defer='defer';s.charset='utf-8';s.src=wp+\"\/\/jsc.mgid.com\/n\/o\/noticiastelered.com.290005.js?t=\"+D.getYear()+D.getMonth()+D.getUTCDate()+D.getUTCHours();c[ac](s);})(); <\/script><\/p>\n<\/div>\n<p><!-- Composite End --><\/p>\n","protected":false},"excerpt":{"rendered":"<p>Los planteles educativos podr\u00edan convertirse en peque\u00f1os viveros para producir especies regionales que posteriormente ser\u00edan utilizadas en \u00e1reas verdes, zonas urbanas y espacios naturales protegidos. Las escuelas de Tamaulipas podr\u00edan asumir una nueva tarea: producir los \u00e1rboles y plantas que [&hellip;]<\/p>\n","protected":false},"author":7,"featured_media":115972,"comment_status":"open","ping_status":"open","sticky":false,"template":"","format":"standard","meta":[],"categories":[59],"tags":[],"_links":{"self":[{"href":"http:\/\/noticiastelered.com\/PortalDNoticias\/wp-json\/wp\/v2\/posts\/115969"}],"collection":[{"href":"http:\/\/noticiastelered.com\/PortalDNoticias\/wp-json\/wp\/v2\/posts"}],"about":[{"href":"http:\/\/noticiastelered.com\/PortalDNoticias\/wp-json\/wp\/v2\/types\/post"}],"author":[{"embeddable":true,"href":"http:\/\/noticiastelered.com\/PortalDNoticias\/wp-json\/wp\/v2\/users\/7"}],"replies":[{"embeddable":true,"href":"http:\/\/noticiastelered.com\/PortalDNoticias\/wp-json\/wp\/v2\/comments?post=115969"}],"version-history":[{"count":1,"href":"http:\/\/noticiastelered.com\/PortalDNoticias\/wp-json\/wp\/v2\/posts\/115969\/revisions"}],"predecessor-version":[{"id":115973,"href":"http:\/\/noticiastelered.com\/PortalDNoticias\/wp-json\/wp\/v2\/posts\/115969\/revisions\/115973"}],"wp:featuredmedia":[{"embeddable":true,"href":"http:\/\/noticiastelered.com\/PortalDNoticias\/wp-json\/wp\/v2\/media\/115972"}],"wp:attachment":[{"href":"http:\/\/noticiastelered.com\/PortalDNoticias\/wp-json\/wp\/v2\/media?parent=115969"}],"wp:term":[{"taxonomy":"category","embeddable":true,"href":"http:\/\/noticiastelered.com\/PortalDNoticias\/wp-json\/wp\/v2\/categories?post=115969"},{"taxonomy":"post_tag","embeddable":true,"href":"http:\/\/noticiastelered.com\/PortalDNoticias\/wp-json\/wp\/v2\/tags?post=115969"}],"curies":[{"name":"wp","href":"https:\/\/api.w.org\/{rel}","templated":true}]}}