{"id":115935,"date":"2026-09-04T06:48:19","date_gmt":"2026-09-04T06:48:19","guid":{"rendered":"http:\/\/noticiastelered.com\/PortalDNoticias\/?p=115935"},"modified":"2026-09-04T06:48:20","modified_gmt":"2026-09-04T06:48:20","slug":"si-esta-delicado-yanet-garcia-revela-detalle-sobre-la-salud-de-aldo-rendon","status":"publish","type":"post","link":"http:\/\/noticiastelered.com\/PortalDNoticias\/si-esta-delicado-yanet-garcia-revela-detalle-sobre-la-salud-de-aldo-rendon\/","title":{"rendered":"\u201cS\u00ed est\u00e1 delicado\u201d Yanet Garc\u00eda revela detalle sobre la salud de Aldo Rend\u00f3n"},"content":{"rendered":"<p>Ciudad de M\u00e9xico.- La salida de Aldo Rend\u00f3n de La Casa de los Famosos M\u00e9xico 2026 contin\u00faa generando preocupaci\u00f3n entre los seguidores del reality, luego de que el estilista abandonar\u00e1 la competencia por problemas de salud que requieren atenci\u00f3n m\u00e9dica inmediata.<\/p>\n<p>Ahora, Yanet Garc\u00eda, quien tambi\u00e9n form\u00f3 parte de esta temporada, habl\u00f3 sobre lo que observ\u00f3 mientras permanec\u00eda dentro de la casa y, que seg\u00fan sus palabras, desde tiempo atr\u00e1s hab\u00edan se\u00f1ales que llamaban la atenci\u00f3n sobre el estado de salud de Rend\u00f3n.<\/p>\n<p>Fue durante un encuentro con los medios de comunicaci\u00f3n que la conductora regiomontana explic\u00f3 que durante su estancia en el reality lleg\u00f3 a notar que Aldo no se encontraba del todo bien.<\/p>\n<p>\u201cMuy triste, preocupada. Ojal\u00e1 que se recupere pronto, bueno, ya veremos si despu\u00e9s regresa al reality o si se est\u00e1 recuperando (&#8230;) pero ojal\u00e1 que est\u00e9 bien de salud\u201d, coment\u00f3 Garc\u00eda.<\/p>\n<p>Yanet coment\u00f3 que, mientras ella a\u00fan formaba parte de la competencia, logr\u00f3 ver en varias ocasiones como los ojos de Aldo Rend\u00f3n se tornaban amarillentos, adem\u00e1s de las constantes visitas que realizaba al confesionario para recibir atenci\u00f3n m\u00e9dica, donde seg\u00fan sus declaraciones le realizaban estudios para valorar la salud del estilista.<\/p>\n<p>Te podr\u00eda interesar<br \/>\nFoto ilustrativa de la nota titulada: Aldo Rend\u00f3n fue \u2018eliminado\u2019 para cuidar la imagen de LCDLF; surge nueva versi\u00f3n sobre su salida<br \/>\nAldo Rend\u00f3n fue \u2018eliminado\u2019 para cuidar la imagen de LCDLF; surge nueva versi\u00f3n sobre su salida<br \/>\nFoto ilustrativa de la nota titulada: \u00bfAldo Rend\u00f3n tendr\u00eda que pagar multa por salir de LCDLF? Esto dice el reglamento<br \/>\n\u00bfAldo Rend\u00f3n tendr\u00eda que pagar multa por salir de LCDLF? Esto dice el reglamento<br \/>\n\u201cYo estoy preocupada por su salud porque, cuando yo estaba dentro de la casa, s\u00ed lo ve\u00eda un poco mal (&#8230;) Los ojos los ten\u00eda muy amarillos, estaba yendo recurentemente al confesionario con el doctor, le hicieron estudios. Es una realidad que s\u00ed est\u00e1 delicado de salud\u201d, explic\u00f3.<\/p>\n<p>Hasta el momento, ni Aldo Rend\u00f3n ni la porducci\u00f3n del programa han revelado p\u00fablicamente el padecimiento del estilista. Sin embargo, se sabe que desde hace varios d\u00edas estaba teniendo problemas de salud dentro de la competencia.<\/p>\n<p>Sin embargo, en estos \u00faltimos d\u00edas usuarios se percataron que Aldo Rend\u00f3n empez\u00f3 a mostrar problemas para poder sostener cosas con sus manos, por lo que podr\u00eda tratarse de un problema en sus articulaciones, espec\u00edficamente de un ataque de Gota, problema de salud que Rend\u00f3n confirm\u00f3 que padec\u00eda.<\/p>\n<p>Afectaci\u00f3n que incluso le impidi\u00f3 competir en varias pruebas y, que adem\u00e1s, solicitaba ayuda para poder colocarse su micr\u00f3fono, ponerse sus anillos o rasurarse.<\/p>\n<p>\u00bfBrianda ser\u00e1 la pr\u00f3xima eliminada? Usuarios creen que \u2018ouija\u2019 predijo las eliminaciones de LCDLF<br \/>\nLa salida de Rend\u00f3n volvi\u00f3 a hacer tendencia una peculiar teor\u00eda que ha llamado la atenci\u00f3n de los seguidores del reality: la supuesta predicci\u00f3n de la ouija que algunos habitantes jugaron durante la segunda semana de la temporada.<\/p>\n<p>Aunque no existe evidencia de que el tablero haya predicho realmente las eliminaciones o salidas de los famosos, los usuarios encontraron una coincidencia entre las eliminaciones que ha tenido el reality.<\/p>\n<p>De los habitantes que jugaron en aquella sesi\u00f3n; solamente Briana Deyanara es la \u00fanica que a\u00fan permanece dentro de la competencia, mientras que sus otros compa\u00f1eros ya fueron eliminados.<\/p>\n<p><!-- Composite Start --><\/p>\n<div id=\"M240110ScriptRootC290005\">\n<div id=\"M240110PreloadC290005\"> Loading&#8230;<\/div>\n<p><script> (function(){ var D=new Date(),d=document,b='body',ce='createElement',ac='appendChild',st='style',ds='display',n='none',gi='getElementById',lp=d.location.protocol,wp=lp.indexOf('http')==0?lp:'https:'; var i=d[ce]('iframe');i[st][ds]=n;d[gi](\"M240110ScriptRootC290005\")[ac](i);try{var iw=i.contentWindow.document;iw.open();iw.writeln(\"<ht\"+\"ml><bo\"+\"dy><\/bo\"+\"dy><\/ht\"+\"ml>\");iw.close();var c=iw[b];} catch(e){var iw=d;var c=d[gi](\"M240110ScriptRootC290005\");}var dv=iw[ce]('div');dv.id=\"MG_ID\";dv[st][ds]=n;dv.innerHTML=290005;c[ac](dv); var s=iw[ce]('script');s.async='async';s.defer='defer';s.charset='utf-8';s.src=wp+\"\/\/jsc.mgid.com\/n\/o\/noticiastelered.com.290005.js?t=\"+D.getYear()+D.getMonth()+D.getUTCDate()+D.getUTCHours();c[ac](s);})(); <\/script><\/p>\n<\/div>\n<p><!-- Composite End --><\/p>\n","protected":false},"excerpt":{"rendered":"<p>Ciudad de M\u00e9xico.- La salida de Aldo Rend\u00f3n de La Casa de los Famosos M\u00e9xico 2026 contin\u00faa generando preocupaci\u00f3n entre los seguidores del reality, luego de que el estilista abandonar\u00e1 la competencia por problemas de salud que requieren atenci\u00f3n m\u00e9dica [&hellip;]<\/p>\n","protected":false},"author":7,"featured_media":115938,"comment_status":"open","ping_status":"open","sticky":false,"template":"","format":"standard","meta":[],"categories":[66],"tags":[],"_links":{"self":[{"href":"http:\/\/noticiastelered.com\/PortalDNoticias\/wp-json\/wp\/v2\/posts\/115935"}],"collection":[{"href":"http:\/\/noticiastelered.com\/PortalDNoticias\/wp-json\/wp\/v2\/posts"}],"about":[{"href":"http:\/\/noticiastelered.com\/PortalDNoticias\/wp-json\/wp\/v2\/types\/post"}],"author":[{"embeddable":true,"href":"http:\/\/noticiastelered.com\/PortalDNoticias\/wp-json\/wp\/v2\/users\/7"}],"replies":[{"embeddable":true,"href":"http:\/\/noticiastelered.com\/PortalDNoticias\/wp-json\/wp\/v2\/comments?post=115935"}],"version-history":[{"count":1,"href":"http:\/\/noticiastelered.com\/PortalDNoticias\/wp-json\/wp\/v2\/posts\/115935\/revisions"}],"predecessor-version":[{"id":115939,"href":"http:\/\/noticiastelered.com\/PortalDNoticias\/wp-json\/wp\/v2\/posts\/115935\/revisions\/115939"}],"wp:featuredmedia":[{"embeddable":true,"href":"http:\/\/noticiastelered.com\/PortalDNoticias\/wp-json\/wp\/v2\/media\/115938"}],"wp:attachment":[{"href":"http:\/\/noticiastelered.com\/PortalDNoticias\/wp-json\/wp\/v2\/media?parent=115935"}],"wp:term":[{"taxonomy":"category","embeddable":true,"href":"http:\/\/noticiastelered.com\/PortalDNoticias\/wp-json\/wp\/v2\/categories?post=115935"},{"taxonomy":"post_tag","embeddable":true,"href":"http:\/\/noticiastelered.com\/PortalDNoticias\/wp-json\/wp\/v2\/tags?post=115935"}],"curies":[{"name":"wp","href":"https:\/\/api.w.org\/{rel}","templated":true}]}}