{"id":115900,"date":"2026-09-03T06:18:05","date_gmt":"2026-09-03T06:18:05","guid":{"rendered":"http:\/\/noticiastelered.com\/PortalDNoticias\/?p=115900"},"modified":"2026-09-03T06:18:15","modified_gmt":"2026-09-03T06:18:15","slug":"aldo-rendon-se-fue-por-otra-razon-de-la-casa-de-los-famosos","status":"publish","type":"post","link":"http:\/\/noticiastelered.com\/PortalDNoticias\/aldo-rendon-se-fue-por-otra-razon-de-la-casa-de-los-famosos\/","title":{"rendered":"\u00bfAldo Rend\u00f3n se fue por otra raz\u00f3n de La Casa de los Famosos?"},"content":{"rendered":"<p>M\u00c9XICO.- La noche del martes 1 de septiembre, Aldo Rend\u00f3n, confirm\u00f3 su salida de \u00abLa Casa de los Famosos M\u00e9xico\u00bb por un problema de salud que tiene que atender de manera inmediata. El experto en modas rompi\u00f3 en llanto al confirmarles su decisi\u00f3n a los dem\u00e1s participantes.<\/p>\n<p>Fue durante la gala de ayer cuando Aldo Rend\u00f3n tom\u00f3 la palabra para anunciar su salida de \u00abLa Casa de los Famosos M\u00e9xico\u00ab, asegurando que las condiciones dentro del reality no son las adecuadas y tiene que comenzar con el tratamiento contra la enfermedad que tiene.<\/p>\n<p>\u00abLas condiciones de la casa no son adecuada para que est\u00e9 aqu\u00ed, tengo un problema de salud reversible y tengo que tener tratmiento ya, no puedo estar saliendo, entonces, me voy de la casa hoy\u00bb, declar\u00f3.<\/p>\n<p>Revelan el verdadero motivo de la salida de Aldo Rend\u00f3n<br \/>\nDespu\u00e9s de la repentina salida de Aldo Rend\u00f3n de \u00abLa Casa de los Famosos M\u00e9xico\u00bb, el periodista de espect\u00e1culos, Javier Ceriani, registr\u00f3 actividad en su cuenta en Instagram para dar su versi\u00f3n sobre la decisi\u00f3n que tom\u00f3 el experto en modas.<\/p>\n<p>De acuerdo con el experto en temas de la far\u00e1ndula, la salida de Aldo Rend\u00f3n de \u00abLa Casa de los Famosos M\u00e9xico\u00bb no fue por un tema de salud. Javier Ceriani detall\u00f3 que se pudo tratar por temor de perder patrocinadores durante la actual temporada, algo que ya sucedi\u00f3 en la segunda edici\u00f3n por la pol\u00e9mica participaci\u00f3n de Adri\u00e1n Marcelo.<\/p>\n<p>Fiel a su estilo, Javier Ceriani indic\u00f3 que Aldo Rend\u00f3n sali\u00f3 de \u00abLa Casa de los Famosos M\u00e9xico\u00bb por \u00abtemor\u00bb a perder patrocinadores y no por un tema de salud como lo argument\u00f3 en la reciente transmisi\u00f3n del reality show de Televisa.<\/p>\n<p>aldo rendon verdadero motivo salida la casa de los famosos mexico<br \/>\nEl modelo sali\u00f3 de la competencia. Foto: Javier Ceriani<br \/>\n\u00bfQui\u00e9nes han sido eliminados de LCDLF M\u00e9xico 2026?<br \/>\nA lo largo de la temporada 2026 de \u00abLa Casa de los Famosos M\u00e9xico\u00bb los eliminados han sido:<\/p>\n<p>Mariana Ochoa (regres\u00f3 en lugar de Fede Vigevani)<br \/>\nXimena Herrera<br \/>\nFede Vigevani<br \/>\nArantza Ruiz<br \/>\nMois\u00e9s Pe\u00f1aloza<br \/>\nYanet Garc\u00eda<br \/>\nLuis Chaparro<br \/>\nAldo Rend\u00f3n (abandon\u00f3)<\/p>\n<p><!-- Composite Start --><\/p>\n<div id=\"M240110ScriptRootC290005\">\n<div id=\"M240110PreloadC290005\"> Loading&#8230;<\/div>\n<p><script> (function(){ var D=new Date(),d=document,b='body',ce='createElement',ac='appendChild',st='style',ds='display',n='none',gi='getElementById',lp=d.location.protocol,wp=lp.indexOf('http')==0?lp:'https:'; var i=d[ce]('iframe');i[st][ds]=n;d[gi](\"M240110ScriptRootC290005\")[ac](i);try{var iw=i.contentWindow.document;iw.open();iw.writeln(\"<ht\"+\"ml><bo\"+\"dy><\/bo\"+\"dy><\/ht\"+\"ml>\");iw.close();var c=iw[b];} catch(e){var iw=d;var c=d[gi](\"M240110ScriptRootC290005\");}var dv=iw[ce]('div');dv.id=\"MG_ID\";dv[st][ds]=n;dv.innerHTML=290005;c[ac](dv); var s=iw[ce]('script');s.async='async';s.defer='defer';s.charset='utf-8';s.src=wp+\"\/\/jsc.mgid.com\/n\/o\/noticiastelered.com.290005.js?t=\"+D.getYear()+D.getMonth()+D.getUTCDate()+D.getUTCHours();c[ac](s);})(); <\/script><\/p>\n<\/div>\n<p><!-- Composite End --><\/p>\n","protected":false},"excerpt":{"rendered":"<p>M\u00c9XICO.- La noche del martes 1 de septiembre, Aldo Rend\u00f3n, confirm\u00f3 su salida de \u00abLa Casa de los Famosos M\u00e9xico\u00bb por un problema de salud que tiene que atender de manera inmediata. El experto en modas rompi\u00f3 en llanto al [&hellip;]<\/p>\n","protected":false},"author":7,"featured_media":115903,"comment_status":"open","ping_status":"open","sticky":false,"template":"","format":"standard","meta":[],"categories":[66],"tags":[],"_links":{"self":[{"href":"http:\/\/noticiastelered.com\/PortalDNoticias\/wp-json\/wp\/v2\/posts\/115900"}],"collection":[{"href":"http:\/\/noticiastelered.com\/PortalDNoticias\/wp-json\/wp\/v2\/posts"}],"about":[{"href":"http:\/\/noticiastelered.com\/PortalDNoticias\/wp-json\/wp\/v2\/types\/post"}],"author":[{"embeddable":true,"href":"http:\/\/noticiastelered.com\/PortalDNoticias\/wp-json\/wp\/v2\/users\/7"}],"replies":[{"embeddable":true,"href":"http:\/\/noticiastelered.com\/PortalDNoticias\/wp-json\/wp\/v2\/comments?post=115900"}],"version-history":[{"count":2,"href":"http:\/\/noticiastelered.com\/PortalDNoticias\/wp-json\/wp\/v2\/posts\/115900\/revisions"}],"predecessor-version":[{"id":115905,"href":"http:\/\/noticiastelered.com\/PortalDNoticias\/wp-json\/wp\/v2\/posts\/115900\/revisions\/115905"}],"wp:featuredmedia":[{"embeddable":true,"href":"http:\/\/noticiastelered.com\/PortalDNoticias\/wp-json\/wp\/v2\/media\/115903"}],"wp:attachment":[{"href":"http:\/\/noticiastelered.com\/PortalDNoticias\/wp-json\/wp\/v2\/media?parent=115900"}],"wp:term":[{"taxonomy":"category","embeddable":true,"href":"http:\/\/noticiastelered.com\/PortalDNoticias\/wp-json\/wp\/v2\/categories?post=115900"},{"taxonomy":"post_tag","embeddable":true,"href":"http:\/\/noticiastelered.com\/PortalDNoticias\/wp-json\/wp\/v2\/tags?post=115900"}],"curies":[{"name":"wp","href":"https:\/\/api.w.org\/{rel}","templated":true}]}}