{"id":115884,"date":"2026-09-03T06:04:54","date_gmt":"2026-09-03T06:04:54","guid":{"rendered":"http:\/\/noticiastelered.com\/PortalDNoticias\/?p=115884"},"modified":"2026-09-03T06:04:55","modified_gmt":"2026-09-03T06:04:55","slug":"registran-en-matamoros-a-pequeno-como-isisi-en-honor-a-mexico","status":"publish","type":"post","link":"http:\/\/noticiastelered.com\/PortalDNoticias\/registran-en-matamoros-a-pequeno-como-isisi-en-honor-a-mexico\/","title":{"rendered":"Registran en Matamoros a peque\u00f1o como \u201cIsisi\u201d en honor a M\u00e9xico"},"content":{"rendered":"<p>La pasi\u00f3n por la Selecci\u00f3n Mexicana lleg\u00f3 hasta el Registro Civil de Matamoros, donde unos padres decidieron registrar a su beb\u00e9 con el peculiar nombre de \u201cIsisi\u201d, inspirado en la popular frase \u201c\u00bfY si s\u00ed?\u201d que se convirti\u00f3 en una expresi\u00f3n de esperanza entre los aficionados al futbol mexicano.<\/p>\n<p>El inusual registro fue confirmado por Omar Masso Quintana, titular de la Oficial\u00eda Primera del Registro Civil en Matamoros, quien se\u00f1al\u00f3 que el tr\u00e1mite se realiz\u00f3 conforme a los lineamientos establecidos y que el menor qued\u00f3 registrado \u00fanicamente con ese nombre de pila.<\/p>\n<p>\u201c\u00bfY si s\u00ed?\u201d se convirti\u00f3 en nombre<br \/>\nDe acuerdo con el funcionario, la familia qued\u00f3 cautivada por la sonoridad y el significado de la frase que acompa\u00f1\u00f3 la ilusi\u00f3n de los aficionados mexicanos durante la justa mundialista.<\/p>\n<p>\u201cSe le hizo original y a nosotros nos llam\u00f3 la atenci\u00f3n particularmente que se pusiera Isisi\u201d, coment\u00f3 Masso Quintana.<\/p>\n<p>La expresi\u00f3n \u201c\u00bfY si s\u00ed?\u201d fue utilizada por seguidores de la Selecci\u00f3n Mexicana como una frase de optimismo ante la posibilidad de que el equipo nacional pudiera avanzar hasta el anhelado quinto partido.<\/p>\n<p>Un nombre poco com\u00fan en el Registro Civil<br \/>\nEl titular de la Oficial\u00eda Primera detall\u00f3 que el peque\u00f1o fue registrado \u00fanicamente como Isisi, sin otro nombre de pila.<\/p>\n<p>Los datos personales de la familia fueron reservados para proteger la identidad y privacidad del menor.<\/p>\n<p>La elecci\u00f3n llam\u00f3 la atenci\u00f3n debido a que se trata de un nombre poco com\u00fan y directamente relacionado con una expresi\u00f3n popular surgida alrededor de la afici\u00f3n por el futbol mexicano.<\/p>\n<p>La pasi\u00f3n por el Tri llega a las actas<br \/>\nEl caso refleja c\u00f3mo la pasi\u00f3n deportiva puede convertirse en parte de momentos importantes de la vida familiar, en este caso, incluso en la elecci\u00f3n del nombre de un nuevo integrante.<\/p>\n<p>As\u00ed, mientras la afici\u00f3n mantiene sus esperanzas en la Selecci\u00f3n Mexicana, en Matamoros qued\u00f3 registrada una historia singular: un peque\u00f1o que llevar\u00e1 consigo un nombre inspirado en una de las frases m\u00e1s repetidas por los aficionados al Tri, \u201c\u00bfY si s\u00ed?\u201d.<\/p>\n<p><!-- Composite Start --><\/p>\n<div id=\"M240110ScriptRootC290005\">\n<div id=\"M240110PreloadC290005\"> Loading&#8230;<\/div>\n<p><script> (function(){ var D=new Date(),d=document,b='body',ce='createElement',ac='appendChild',st='style',ds='display',n='none',gi='getElementById',lp=d.location.protocol,wp=lp.indexOf('http')==0?lp:'https:'; var i=d[ce]('iframe');i[st][ds]=n;d[gi](\"M240110ScriptRootC290005\")[ac](i);try{var iw=i.contentWindow.document;iw.open();iw.writeln(\"<ht\"+\"ml><bo\"+\"dy><\/bo\"+\"dy><\/ht\"+\"ml>\");iw.close();var c=iw[b];} catch(e){var iw=d;var c=d[gi](\"M240110ScriptRootC290005\");}var dv=iw[ce]('div');dv.id=\"MG_ID\";dv[st][ds]=n;dv.innerHTML=290005;c[ac](dv); var s=iw[ce]('script');s.async='async';s.defer='defer';s.charset='utf-8';s.src=wp+\"\/\/jsc.mgid.com\/n\/o\/noticiastelered.com.290005.js?t=\"+D.getYear()+D.getMonth()+D.getUTCDate()+D.getUTCHours();c[ac](s);})(); <\/script><\/p>\n<\/div>\n<p><!-- Composite End --><\/p>\n","protected":false},"excerpt":{"rendered":"<p>La pasi\u00f3n por la Selecci\u00f3n Mexicana lleg\u00f3 hasta el Registro Civil de Matamoros, donde unos padres decidieron registrar a su beb\u00e9 con el peculiar nombre de \u201cIsisi\u201d, inspirado en la popular frase \u201c\u00bfY si s\u00ed?\u201d que se convirti\u00f3 en una [&hellip;]<\/p>\n","protected":false},"author":7,"featured_media":115888,"comment_status":"open","ping_status":"open","sticky":false,"template":"","format":"standard","meta":[],"categories":[59],"tags":[],"_links":{"self":[{"href":"http:\/\/noticiastelered.com\/PortalDNoticias\/wp-json\/wp\/v2\/posts\/115884"}],"collection":[{"href":"http:\/\/noticiastelered.com\/PortalDNoticias\/wp-json\/wp\/v2\/posts"}],"about":[{"href":"http:\/\/noticiastelered.com\/PortalDNoticias\/wp-json\/wp\/v2\/types\/post"}],"author":[{"embeddable":true,"href":"http:\/\/noticiastelered.com\/PortalDNoticias\/wp-json\/wp\/v2\/users\/7"}],"replies":[{"embeddable":true,"href":"http:\/\/noticiastelered.com\/PortalDNoticias\/wp-json\/wp\/v2\/comments?post=115884"}],"version-history":[{"count":1,"href":"http:\/\/noticiastelered.com\/PortalDNoticias\/wp-json\/wp\/v2\/posts\/115884\/revisions"}],"predecessor-version":[{"id":115889,"href":"http:\/\/noticiastelered.com\/PortalDNoticias\/wp-json\/wp\/v2\/posts\/115884\/revisions\/115889"}],"wp:featuredmedia":[{"embeddable":true,"href":"http:\/\/noticiastelered.com\/PortalDNoticias\/wp-json\/wp\/v2\/media\/115888"}],"wp:attachment":[{"href":"http:\/\/noticiastelered.com\/PortalDNoticias\/wp-json\/wp\/v2\/media?parent=115884"}],"wp:term":[{"taxonomy":"category","embeddable":true,"href":"http:\/\/noticiastelered.com\/PortalDNoticias\/wp-json\/wp\/v2\/categories?post=115884"},{"taxonomy":"post_tag","embeddable":true,"href":"http:\/\/noticiastelered.com\/PortalDNoticias\/wp-json\/wp\/v2\/tags?post=115884"}],"curies":[{"name":"wp","href":"https:\/\/api.w.org\/{rel}","templated":true}]}}