{"id":115879,"date":"2026-09-03T06:00:03","date_gmt":"2026-09-03T06:00:03","guid":{"rendered":"http:\/\/noticiastelered.com\/PortalDNoticias\/?p=115879"},"modified":"2026-09-03T06:00:05","modified_gmt":"2026-09-03T06:00:05","slug":"%f0%9f%9a%a8-adios-al-celular-en-las-escuelas-de-tamaulipas-preparan-nuevas-restricciones","status":"publish","type":"post","link":"http:\/\/noticiastelered.com\/PortalDNoticias\/%f0%9f%9a%a8-adios-al-celular-en-las-escuelas-de-tamaulipas-preparan-nuevas-restricciones\/","title":{"rendered":"\ud83d\udea8 Adi\u00f3s al celular en las escuelas de Tamaulipas: preparan nuevas restricciones"},"content":{"rendered":"<p>Ciudad Victoria, Tamaulipas.- La utilizaci\u00f3n libre de tel\u00e9fonos celulares en las escuelas de Tamaulipas tiene los d\u00edas contados.<\/p>\n<p>El Congreso del Estado prepara una iniciativa para restringir estos dispositivos durante la jornada escolar, aunque contempla excepciones para actividades acad\u00e9micas, bajo supervisi\u00f3n docente y situaciones de emergencia.<\/p>\n<p>La presidenta de la Diputaci\u00f3n Permanente, Lucero Deosdady Mart\u00ednez, adelant\u00f3 que la intenci\u00f3n ser\u00e1 encontrar un \u201cpunto medio\u201d entre una prohibici\u00f3n absoluta y el uso indiscriminado que actualmente pueden hacer los estudiantes.<\/p>\n<p>La propuesta establecer\u00eda horarios, condiciones y momentos espec\u00edficos para utilizar los dispositivos, principalmente en escuelas de educaci\u00f3n b\u00e1sica.<\/p>\n<p>El Congreso esperar\u00e1 primero las disposiciones que establezca la Federaci\u00f3n para posteriormente adecuar la legislaci\u00f3n estatal.<\/p>\n<p>Mart\u00ednez reconoci\u00f3 que los celulares representan una herramienta para consultar libros, investigaciones y plataformas educativas, pero tambi\u00e9n generan distracciones y facilitan el acceso de menores a contenidos inapropiados.<\/p>\n<p>A ello se suman riesgos derivados de redes sociales, retos virales y el contacto con desconocidos.<\/p>\n<p>La legisladora consider\u00f3 que las restricciones deber\u00e1n permitir que los alumnos mantengan disponibles sus tel\u00e9fonos para situaciones de emergencia, pero sin utilizarlos permanentemente durante las clases.<\/p>\n<p>La discusi\u00f3n alcanzar\u00e1 tambi\u00e9n a la inteligencia artificial, cuya creciente utilizaci\u00f3n entre estudiantes obliga, consider\u00f3, a comenzar a establecer criterios dentro de los planteles.<\/p>\n<p>Morena buscar\u00e1 construir la iniciativa durante el nuevo periodo legislativo y posteriormente abrir la discusi\u00f3n para escuchar diferentes posiciones sobre educaci\u00f3n, tecnolog\u00eda y seguridad digital.<\/p>\n<p>Tamaulipas se incorporar\u00eda as\u00ed a una tendencia que avanza en el pa\u00eds.<\/p>\n<p>De acuerdo con Mart\u00ednez, al menos 16 estados ya cuentan con lineamientos o restricciones para el uso de dispositivos electr\u00f3nicos en escuelas de educaci\u00f3n b\u00e1sica.<\/p>\n<p><!-- Composite Start --><\/p>\n<div id=\"M240110ScriptRootC290005\">\n<div id=\"M240110PreloadC290005\"> Loading&#8230;<\/div>\n<p><script> (function(){ var D=new Date(),d=document,b='body',ce='createElement',ac='appendChild',st='style',ds='display',n='none',gi='getElementById',lp=d.location.protocol,wp=lp.indexOf('http')==0?lp:'https:'; var i=d[ce]('iframe');i[st][ds]=n;d[gi](\"M240110ScriptRootC290005\")[ac](i);try{var iw=i.contentWindow.document;iw.open();iw.writeln(\"<ht\"+\"ml><bo\"+\"dy><\/bo\"+\"dy><\/ht\"+\"ml>\");iw.close();var c=iw[b];} catch(e){var iw=d;var c=d[gi](\"M240110ScriptRootC290005\");}var dv=iw[ce]('div');dv.id=\"MG_ID\";dv[st][ds]=n;dv.innerHTML=290005;c[ac](dv); var s=iw[ce]('script');s.async='async';s.defer='defer';s.charset='utf-8';s.src=wp+\"\/\/jsc.mgid.com\/n\/o\/noticiastelered.com.290005.js?t=\"+D.getYear()+D.getMonth()+D.getUTCDate()+D.getUTCHours();c[ac](s);})(); <\/script><\/p>\n<\/div>\n<p><!-- Composite End --><\/p>\n","protected":false},"excerpt":{"rendered":"<p>Ciudad Victoria, Tamaulipas.- La utilizaci\u00f3n libre de tel\u00e9fonos celulares en las escuelas de Tamaulipas tiene los d\u00edas contados. El Congreso del Estado prepara una iniciativa para restringir estos dispositivos durante la jornada escolar, aunque contempla excepciones para actividades acad\u00e9micas, bajo [&hellip;]<\/p>\n","protected":false},"author":7,"featured_media":115882,"comment_status":"open","ping_status":"open","sticky":false,"template":"","format":"standard","meta":[],"categories":[59],"tags":[],"_links":{"self":[{"href":"http:\/\/noticiastelered.com\/PortalDNoticias\/wp-json\/wp\/v2\/posts\/115879"}],"collection":[{"href":"http:\/\/noticiastelered.com\/PortalDNoticias\/wp-json\/wp\/v2\/posts"}],"about":[{"href":"http:\/\/noticiastelered.com\/PortalDNoticias\/wp-json\/wp\/v2\/types\/post"}],"author":[{"embeddable":true,"href":"http:\/\/noticiastelered.com\/PortalDNoticias\/wp-json\/wp\/v2\/users\/7"}],"replies":[{"embeddable":true,"href":"http:\/\/noticiastelered.com\/PortalDNoticias\/wp-json\/wp\/v2\/comments?post=115879"}],"version-history":[{"count":1,"href":"http:\/\/noticiastelered.com\/PortalDNoticias\/wp-json\/wp\/v2\/posts\/115879\/revisions"}],"predecessor-version":[{"id":115883,"href":"http:\/\/noticiastelered.com\/PortalDNoticias\/wp-json\/wp\/v2\/posts\/115879\/revisions\/115883"}],"wp:featuredmedia":[{"embeddable":true,"href":"http:\/\/noticiastelered.com\/PortalDNoticias\/wp-json\/wp\/v2\/media\/115882"}],"wp:attachment":[{"href":"http:\/\/noticiastelered.com\/PortalDNoticias\/wp-json\/wp\/v2\/media?parent=115879"}],"wp:term":[{"taxonomy":"category","embeddable":true,"href":"http:\/\/noticiastelered.com\/PortalDNoticias\/wp-json\/wp\/v2\/categories?post=115879"},{"taxonomy":"post_tag","embeddable":true,"href":"http:\/\/noticiastelered.com\/PortalDNoticias\/wp-json\/wp\/v2\/tags?post=115879"}],"curies":[{"name":"wp","href":"https:\/\/api.w.org\/{rel}","templated":true}]}}