{"id":115874,"date":"2026-09-03T05:54:30","date_gmt":"2026-09-03T05:54:30","guid":{"rendered":"http:\/\/noticiastelered.com\/PortalDNoticias\/?p=115874"},"modified":"2026-09-03T05:54:32","modified_gmt":"2026-09-03T05:54:32","slug":"%f0%9f%9a%9b-tres-horas-mas-asi-sera-el-nuevo-horario-sabatino-del-puente-del-comercio-mundial","status":"publish","type":"post","link":"http:\/\/noticiastelered.com\/PortalDNoticias\/%f0%9f%9a%9b-tres-horas-mas-asi-sera-el-nuevo-horario-sabatino-del-puente-del-comercio-mundial\/","title":{"rendered":"\ud83d\ude9b \u00a1Tres horas m\u00e1s! As\u00ed ser\u00e1 el nuevo horario sabatino del Puente del Comercio Mundial"},"content":{"rendered":"<p>Nuevo Laredo, Tamaulipas.\u2014 El Puente del Comercio Mundial ampliar\u00e1 durante tres meses su horario de operaciones los s\u00e1bados, como parte de un programa piloto para agilizar el cruce de mercanc\u00edas entre M\u00e9xico y Estados Unidos y reducir la congesti\u00f3n del transporte de carga.<\/p>\n<p>La Oficina de Operaciones de Campo del Servicio de Aduanas y Protecci\u00f3n Fronteriza de Estados Unidos (CBP) inform\u00f3 que el nuevo esquema comenzar\u00e1 el s\u00e1bado 5 de septiembre.<\/p>\n<p>Tendr\u00e1n tres horas m\u00e1s de operaci\u00f3n los s\u00e1bados<br \/>\nActualmente, las operaciones sabatinas concluyen a las 16:00 horas; sin embargo, durante el periodo de prueba permanecer\u00e1n abiertas hasta las 19:00 horas, lo que permitir\u00e1 contar con tres horas adicionales para el procesamiento de unidades comerciales.<\/p>\n<p>El programa fue desarrollado conjuntamente por CBP, la Agencia Nacional de Aduanas de M\u00e9xico (ANAM) y la ciudad de Laredo, Texas, ante las necesidades de uno de los cruces terrestres comerciales con mayor movimiento entre ambos pa\u00edses.<\/p>\n<p>El director del Puerto de Entrada de Laredo, Alberto Flores, se\u00f1al\u00f3 que la ampliaci\u00f3n permitir\u00e1 brindar mayor flexibilidad a transportistas e importadores, adem\u00e1s de contribuir a mejorar la eficiencia y confiabilidad de las cadenas de suministro.<\/p>\n<p>Buscan reducir congestionamientos<br \/>\nLa medida tambi\u00e9n pretende distribuir de manera m\u00e1s equilibrada el flujo de unidades y disminuir la concentraci\u00f3n de camiones durante los periodos de mayor actividad comercial.<\/p>\n<p>El horario especial aplicar\u00e1 exclusivamente en el Puente del Comercio Mundial y no modificar\u00e1 las operaciones de los dem\u00e1s cruces internacionales de Laredo.<\/p>\n<p>Con el programa piloto, el puente operar\u00e1 de lunes a viernes de 7:00 de la ma\u00f1ana a medianoche; los s\u00e1bados, de 8:00 de la ma\u00f1ana a 7:00 de la tarde, y los domingos, de 8:00 de la ma\u00f1ana a 4:00 de la tarde.<\/p>\n<p>Al concluir los tres meses de prueba, las autoridades evaluar\u00e1n los resultados obtenidos, as\u00ed como el impacto de la ampliaci\u00f3n en el movimiento comercial fronterizo.<\/p>\n<p><!-- Composite Start --><\/p>\n<div id=\"M240110ScriptRootC290005\">\n<div id=\"M240110PreloadC290005\"> Loading&#8230;<\/div>\n<p><script> (function(){ var D=new Date(),d=document,b='body',ce='createElement',ac='appendChild',st='style',ds='display',n='none',gi='getElementById',lp=d.location.protocol,wp=lp.indexOf('http')==0?lp:'https:'; var i=d[ce]('iframe');i[st][ds]=n;d[gi](\"M240110ScriptRootC290005\")[ac](i);try{var iw=i.contentWindow.document;iw.open();iw.writeln(\"<ht\"+\"ml><bo\"+\"dy><\/bo\"+\"dy><\/ht\"+\"ml>\");iw.close();var c=iw[b];} catch(e){var iw=d;var c=d[gi](\"M240110ScriptRootC290005\");}var dv=iw[ce]('div');dv.id=\"MG_ID\";dv[st][ds]=n;dv.innerHTML=290005;c[ac](dv); var s=iw[ce]('script');s.async='async';s.defer='defer';s.charset='utf-8';s.src=wp+\"\/\/jsc.mgid.com\/n\/o\/noticiastelered.com.290005.js?t=\"+D.getYear()+D.getMonth()+D.getUTCDate()+D.getUTCHours();c[ac](s);})(); <\/script><\/p>\n<\/div>\n<p><!-- Composite End --><\/p>\n","protected":false},"excerpt":{"rendered":"<p>Nuevo Laredo, Tamaulipas.\u2014 El Puente del Comercio Mundial ampliar\u00e1 durante tres meses su horario de operaciones los s\u00e1bados, como parte de un programa piloto para agilizar el cruce de mercanc\u00edas entre M\u00e9xico y Estados Unidos y reducir la congesti\u00f3n del [&hellip;]<\/p>\n","protected":false},"author":7,"featured_media":115877,"comment_status":"open","ping_status":"open","sticky":false,"template":"","format":"standard","meta":[],"categories":[63],"tags":[],"_links":{"self":[{"href":"http:\/\/noticiastelered.com\/PortalDNoticias\/wp-json\/wp\/v2\/posts\/115874"}],"collection":[{"href":"http:\/\/noticiastelered.com\/PortalDNoticias\/wp-json\/wp\/v2\/posts"}],"about":[{"href":"http:\/\/noticiastelered.com\/PortalDNoticias\/wp-json\/wp\/v2\/types\/post"}],"author":[{"embeddable":true,"href":"http:\/\/noticiastelered.com\/PortalDNoticias\/wp-json\/wp\/v2\/users\/7"}],"replies":[{"embeddable":true,"href":"http:\/\/noticiastelered.com\/PortalDNoticias\/wp-json\/wp\/v2\/comments?post=115874"}],"version-history":[{"count":1,"href":"http:\/\/noticiastelered.com\/PortalDNoticias\/wp-json\/wp\/v2\/posts\/115874\/revisions"}],"predecessor-version":[{"id":115878,"href":"http:\/\/noticiastelered.com\/PortalDNoticias\/wp-json\/wp\/v2\/posts\/115874\/revisions\/115878"}],"wp:featuredmedia":[{"embeddable":true,"href":"http:\/\/noticiastelered.com\/PortalDNoticias\/wp-json\/wp\/v2\/media\/115877"}],"wp:attachment":[{"href":"http:\/\/noticiastelered.com\/PortalDNoticias\/wp-json\/wp\/v2\/media?parent=115874"}],"wp:term":[{"taxonomy":"category","embeddable":true,"href":"http:\/\/noticiastelered.com\/PortalDNoticias\/wp-json\/wp\/v2\/categories?post=115874"},{"taxonomy":"post_tag","embeddable":true,"href":"http:\/\/noticiastelered.com\/PortalDNoticias\/wp-json\/wp\/v2\/tags?post=115874"}],"curies":[{"name":"wp","href":"https:\/\/api.w.org\/{rel}","templated":true}]}}