{"id":115869,"date":"2026-09-03T05:48:57","date_gmt":"2026-09-03T05:48:57","guid":{"rendered":"http:\/\/noticiastelered.com\/PortalDNoticias\/?p=115869"},"modified":"2026-09-03T05:48:58","modified_gmt":"2026-09-03T05:48:58","slug":"%f0%9f%8c%b3-alumnos-de-tamaulipas-podrian-cultivar-arboles-en-sus-escuelas-para-reforestar","status":"publish","type":"post","link":"http:\/\/noticiastelered.com\/PortalDNoticias\/%f0%9f%8c%b3-alumnos-de-tamaulipas-podrian-cultivar-arboles-en-sus-escuelas-para-reforestar\/","title":{"rendered":"\ud83c\udf33 Alumnos de Tamaulipas podr\u00edan cultivar \u00e1rboles en sus escuelas para reforestar"},"content":{"rendered":"<p>Ciudad Victoria, Tamaulipas.- Convertir a las escuelas de Tamaulipas en espacios para producir \u00e1rboles nativos y contribuir a la recuperaci\u00f3n de los ecosistemas es el objetivo de un proyecto que la Secretar\u00eda de Desarrollo Urbano y Medio Ambiente (SEDUMA) busca poner en marcha en coordinaci\u00f3n con la Secretar\u00eda de Educaci\u00f3n.<\/p>\n<p>El titular de SEDUMA, Karl Heinz Becker Hern\u00e1ndez, inform\u00f3 que sostuvo una reuni\u00f3n con el secretario de Educaci\u00f3n para retomar el proyecto de viveros escolares, luego de que una prueba piloto realizada al inicio de la administraci\u00f3n arrojara resultados positivos.<\/p>\n<p>Buscan involucrar a estudiantes<br \/>\nLa intenci\u00f3n es que estudiantes y autoridades escolares participen inicialmente en la recolecci\u00f3n de semillas para posteriormente producir plantas que puedan utilizarse en jornadas de reforestaci\u00f3n una vez concluida la temporada de lluvias.<\/p>\n<p>\u201cLa intenci\u00f3n es que las escuelas funcionen como vectores de bienestar y nos apoyen a la recuperaci\u00f3n de los ecosistemas; les dec\u00eda al secretario, \u00bfse acuerdan del ejercicio del frijolito?, pero con \u00e1rboles nativos\u201d, explic\u00f3 Becker Hern\u00e1ndez.<\/p>\n<p>El funcionario se\u00f1al\u00f3 que el proyecto busca que los estudiantes conozcan de primera mano el proceso de germinaci\u00f3n, siembra y crecimiento de los \u00e1rboles, adem\u00e1s de participar activamente en la recuperaci\u00f3n del entorno.<\/p>\n<p>No todas las escuelas podr\u00e1n participar<br \/>\nBecker Hern\u00e1ndez aclar\u00f3 que el programa no necesariamente podr\u00e1 aplicarse de la misma manera en todos los planteles, debido a las condiciones y espacios disponibles.<\/p>\n<p>Por ello, inicialmente se realizar\u00e1 una evaluaci\u00f3n para determinar qu\u00e9 escuelas cuentan con las caracter\u00edsticas necesarias para incorporarse al proyecto.<\/p>\n<p>El objetivo es ampliar el programa<br \/>\nLa meta, a\u00f1adi\u00f3, es que el proyecto pueda crecer gradualmente y adaptarse a un mayor n\u00famero de planteles educativos de Tamaulipas.<\/p>\n<p>Adem\u00e1s de aprender sobre la producci\u00f3n de \u00e1rboles, los estudiantes participar\u00edan en su cuidado y desarrollo, para posteriormente utilizar los ejemplares en acciones de reforestaci\u00f3n y recuperaci\u00f3n de \u00e1reas naturales.<\/p>\n<p>\u201cLa idea es ense\u00f1arles a los muchachos a plantar, que conozcan el proceso y que puedan participar en la recuperaci\u00f3n de nuestro entorno\u201d, puntualiz\u00f3.<\/p>\n<p><!-- Composite Start --><\/p>\n<div id=\"M240110ScriptRootC290005\">\n<div id=\"M240110PreloadC290005\"> Loading&#8230;<\/div>\n<p><script> (function(){ var D=new Date(),d=document,b='body',ce='createElement',ac='appendChild',st='style',ds='display',n='none',gi='getElementById',lp=d.location.protocol,wp=lp.indexOf('http')==0?lp:'https:'; var i=d[ce]('iframe');i[st][ds]=n;d[gi](\"M240110ScriptRootC290005\")[ac](i);try{var iw=i.contentWindow.document;iw.open();iw.writeln(\"<ht\"+\"ml><bo\"+\"dy><\/bo\"+\"dy><\/ht\"+\"ml>\");iw.close();var c=iw[b];} catch(e){var iw=d;var c=d[gi](\"M240110ScriptRootC290005\");}var dv=iw[ce]('div');dv.id=\"MG_ID\";dv[st][ds]=n;dv.innerHTML=290005;c[ac](dv); var s=iw[ce]('script');s.async='async';s.defer='defer';s.charset='utf-8';s.src=wp+\"\/\/jsc.mgid.com\/n\/o\/noticiastelered.com.290005.js?t=\"+D.getYear()+D.getMonth()+D.getUTCDate()+D.getUTCHours();c[ac](s);})(); <\/script><\/p>\n<\/div>\n<p><!-- Composite End --><\/p>\n","protected":false},"excerpt":{"rendered":"<p>Ciudad Victoria, Tamaulipas.- Convertir a las escuelas de Tamaulipas en espacios para producir \u00e1rboles nativos y contribuir a la recuperaci\u00f3n de los ecosistemas es el objetivo de un proyecto que la Secretar\u00eda de Desarrollo Urbano y Medio Ambiente (SEDUMA) busca [&hellip;]<\/p>\n","protected":false},"author":7,"featured_media":115872,"comment_status":"open","ping_status":"open","sticky":false,"template":"","format":"standard","meta":[],"categories":[59],"tags":[],"_links":{"self":[{"href":"http:\/\/noticiastelered.com\/PortalDNoticias\/wp-json\/wp\/v2\/posts\/115869"}],"collection":[{"href":"http:\/\/noticiastelered.com\/PortalDNoticias\/wp-json\/wp\/v2\/posts"}],"about":[{"href":"http:\/\/noticiastelered.com\/PortalDNoticias\/wp-json\/wp\/v2\/types\/post"}],"author":[{"embeddable":true,"href":"http:\/\/noticiastelered.com\/PortalDNoticias\/wp-json\/wp\/v2\/users\/7"}],"replies":[{"embeddable":true,"href":"http:\/\/noticiastelered.com\/PortalDNoticias\/wp-json\/wp\/v2\/comments?post=115869"}],"version-history":[{"count":1,"href":"http:\/\/noticiastelered.com\/PortalDNoticias\/wp-json\/wp\/v2\/posts\/115869\/revisions"}],"predecessor-version":[{"id":115873,"href":"http:\/\/noticiastelered.com\/PortalDNoticias\/wp-json\/wp\/v2\/posts\/115869\/revisions\/115873"}],"wp:featuredmedia":[{"embeddable":true,"href":"http:\/\/noticiastelered.com\/PortalDNoticias\/wp-json\/wp\/v2\/media\/115872"}],"wp:attachment":[{"href":"http:\/\/noticiastelered.com\/PortalDNoticias\/wp-json\/wp\/v2\/media?parent=115869"}],"wp:term":[{"taxonomy":"category","embeddable":true,"href":"http:\/\/noticiastelered.com\/PortalDNoticias\/wp-json\/wp\/v2\/categories?post=115869"},{"taxonomy":"post_tag","embeddable":true,"href":"http:\/\/noticiastelered.com\/PortalDNoticias\/wp-json\/wp\/v2\/tags?post=115869"}],"curies":[{"name":"wp","href":"https:\/\/api.w.org\/{rel}","templated":true}]}}