{"id":115859,"date":"2026-09-02T05:18:05","date_gmt":"2026-09-02T05:18:05","guid":{"rendered":"http:\/\/noticiastelered.com\/PortalDNoticias\/?p=115859"},"modified":"2026-09-02T05:18:07","modified_gmt":"2026-09-02T05:18:07","slug":"vicepresidenta-de-bank-of-america-la-victima-del-ataque-en-times-square","status":"publish","type":"post","link":"http:\/\/noticiastelered.com\/PortalDNoticias\/vicepresidenta-de-bank-of-america-la-victima-del-ataque-en-times-square\/","title":{"rendered":"Vicepresidenta de Bank of America la victima del ataque en Times Square"},"content":{"rendered":"<p>Erin Piacenti, vicepresidenta de selecci\u00f3n de negocios y conflictos de Bank of America, muri\u00f3 en un hospital tras ser apu\u00f1alada el lunes en Times Square, Nueva York.<\/p>\n<p>El banco confirm\u00f3 su fallecimiento y expres\u00f3 sus condolencias a familiares y seres queridos.<\/p>\n<p>Ataque Habr\u00eda Sido Aleatorio<br \/>\nEl alcalde de Nueva York, Zohran Mamdani, inform\u00f3 que una mujer armada con varios cuchillos atac\u00f3 a dos personas en Times Square.<\/p>\n<p>La polic\u00eda utiliz\u00f3 pistolas Taser y posteriormente dispar\u00f3 contra la agresora cuando avanzaba hacia los agentes; la comisionada Jessica Tisch se\u00f1al\u00f3 que el ataque aparentemente fue aleatorio y sin provocaci\u00f3n.<\/p>\n<p><!-- Composite Start --><\/p>\n<div id=\"M240110ScriptRootC290005\">\n<div id=\"M240110PreloadC290005\"> Loading&#8230;<\/div>\n<p><script> (function(){ var D=new Date(),d=document,b='body',ce='createElement',ac='appendChild',st='style',ds='display',n='none',gi='getElementById',lp=d.location.protocol,wp=lp.indexOf('http')==0?lp:'https:'; var i=d[ce]('iframe');i[st][ds]=n;d[gi](\"M240110ScriptRootC290005\")[ac](i);try{var iw=i.contentWindow.document;iw.open();iw.writeln(\"<ht\"+\"ml><bo\"+\"dy><\/bo\"+\"dy><\/ht\"+\"ml>\");iw.close();var c=iw[b];} catch(e){var iw=d;var c=d[gi](\"M240110ScriptRootC290005\");}var dv=iw[ce]('div');dv.id=\"MG_ID\";dv[st][ds]=n;dv.innerHTML=290005;c[ac](dv); var s=iw[ce]('script');s.async='async';s.defer='defer';s.charset='utf-8';s.src=wp+\"\/\/jsc.mgid.com\/n\/o\/noticiastelered.com.290005.js?t=\"+D.getYear()+D.getMonth()+D.getUTCDate()+D.getUTCHours();c[ac](s);})(); <\/script><\/p>\n<\/div>\n<p><!-- Composite End --><\/p>\n","protected":false},"excerpt":{"rendered":"<p>Erin Piacenti, vicepresidenta de selecci\u00f3n de negocios y conflictos de Bank of America, muri\u00f3 en un hospital tras ser apu\u00f1alada el lunes en Times Square, Nueva York. El banco confirm\u00f3 su fallecimiento y expres\u00f3 sus condolencias a familiares y seres [&hellip;]<\/p>\n","protected":false},"author":7,"featured_media":115862,"comment_status":"open","ping_status":"open","sticky":false,"template":"","format":"standard","meta":[],"categories":[61],"tags":[],"_links":{"self":[{"href":"http:\/\/noticiastelered.com\/PortalDNoticias\/wp-json\/wp\/v2\/posts\/115859"}],"collection":[{"href":"http:\/\/noticiastelered.com\/PortalDNoticias\/wp-json\/wp\/v2\/posts"}],"about":[{"href":"http:\/\/noticiastelered.com\/PortalDNoticias\/wp-json\/wp\/v2\/types\/post"}],"author":[{"embeddable":true,"href":"http:\/\/noticiastelered.com\/PortalDNoticias\/wp-json\/wp\/v2\/users\/7"}],"replies":[{"embeddable":true,"href":"http:\/\/noticiastelered.com\/PortalDNoticias\/wp-json\/wp\/v2\/comments?post=115859"}],"version-history":[{"count":1,"href":"http:\/\/noticiastelered.com\/PortalDNoticias\/wp-json\/wp\/v2\/posts\/115859\/revisions"}],"predecessor-version":[{"id":115863,"href":"http:\/\/noticiastelered.com\/PortalDNoticias\/wp-json\/wp\/v2\/posts\/115859\/revisions\/115863"}],"wp:featuredmedia":[{"embeddable":true,"href":"http:\/\/noticiastelered.com\/PortalDNoticias\/wp-json\/wp\/v2\/media\/115862"}],"wp:attachment":[{"href":"http:\/\/noticiastelered.com\/PortalDNoticias\/wp-json\/wp\/v2\/media?parent=115859"}],"wp:term":[{"taxonomy":"category","embeddable":true,"href":"http:\/\/noticiastelered.com\/PortalDNoticias\/wp-json\/wp\/v2\/categories?post=115859"},{"taxonomy":"post_tag","embeddable":true,"href":"http:\/\/noticiastelered.com\/PortalDNoticias\/wp-json\/wp\/v2\/tags?post=115859"}],"curies":[{"name":"wp","href":"https:\/\/api.w.org\/{rel}","templated":true}]}}