{"id":115849,"date":"2026-09-02T05:06:48","date_gmt":"2026-09-02T05:06:48","guid":{"rendered":"http:\/\/noticiastelered.com\/PortalDNoticias\/?p=115849"},"modified":"2026-09-02T05:06:50","modified_gmt":"2026-09-02T05:06:50","slug":"el-padre-tendria-que-pagar-desde-el-embarazo-esto-plantea-una-nueva-propuesta","status":"publish","type":"post","link":"http:\/\/noticiastelered.com\/PortalDNoticias\/el-padre-tendria-que-pagar-desde-el-embarazo-esto-plantea-una-nueva-propuesta\/","title":{"rendered":"\u00bfEl padre tendr\u00eda que pagar desde el embarazo? Esto plantea una nueva propuesta"},"content":{"rendered":"<p>CIUDAD VICTORIA, TAMAULIPAS.- La pensi\u00f3n alimenticia podr\u00eda comenzar antes de que nazca un beb\u00e9, de acuerdo con una iniciativa que busca permitir que las mujeres embarazadas soliciten apoyo econ\u00f3mico durante la gestaci\u00f3n.<\/p>\n<p>La propuesta plantea modificar el C\u00f3digo Civil Federal para establecer la posibilidad de otorgar alimentos provisionales durante el embarazo, una vez que la gestaci\u00f3n sea acreditada m\u00e9dicamente.<\/p>\n<p>La intenci\u00f3n es que los gastos derivados del embarazo no recaigan \u00fanicamente sobre la mujer y que exista una corresponsabilidad entre ambos progenitores desde esta etapa.<\/p>\n<p>Entre los gastos que podr\u00edan contemplarse est\u00e1n las consultas m\u00e9dicas, revisiones ginecol\u00f3gicas y otros requerimientos relacionados con el cuidado de la mujer embarazada.<\/p>\n<p>La responsabilidad comenzar\u00eda antes del nacimiento<\/p>\n<p>El planteamiento parte de una idea central: si durante el embarazo existen gastos necesarios para garantizar la salud de la madre y del futuro beb\u00e9, ambos progenitores deber\u00edan participar en su cobertura.<\/p>\n<p>De esta manera, la obligaci\u00f3n alimentaria no comenzar\u00eda \u00fanicamente despu\u00e9s del nacimiento, sino que podr\u00eda extenderse a la etapa de gestaci\u00f3n.<\/p>\n<p>La iniciativa busca establecer mecanismos para que una mujer pueda solicitar este apoyo sin tener que asumir por s\u00ed sola los costos m\u00e9dicos y econ\u00f3micos que implica un embarazo.<\/p>\n<p>Todav\u00eda no es una obligaci\u00f3n vigente<\/p>\n<p>Aunque la propuesta ya fue presentada ante el Senado, todav\u00eda no se convierte en ley.<\/p>\n<p>El proyecto deber\u00e1 ser analizado primero en comisiones y, en caso de avanzar, posteriormente tendr\u00eda que ser discutido y votado por el Pleno.<\/p>\n<p>Por ahora, se trata \u00fanicamente de una iniciativa que busca modificar la legislaci\u00f3n federal.<\/p>\n<p>De aprobarse, M\u00e9xico podr\u00eda incorporar un nuevo criterio en materia de obligaciones alimentarias: que la responsabilidad econ\u00f3mica de los progenitores pueda comenzar desde el embarazo y no hasta el nacimiento.<\/p>\n<p>El proyecto todav\u00eda tiene un camino legislativo por recorrer, por lo que habr\u00e1 que esperar la discusi\u00f3n en comisiones para conocer si finalmente avanza.<\/p>\n<p><!-- Composite Start --><\/p>\n<div id=\"M240110ScriptRootC290005\">\n<div id=\"M240110PreloadC290005\"> Loading&#8230;<\/div>\n<p><script> (function(){ var D=new Date(),d=document,b='body',ce='createElement',ac='appendChild',st='style',ds='display',n='none',gi='getElementById',lp=d.location.protocol,wp=lp.indexOf('http')==0?lp:'https:'; var i=d[ce]('iframe');i[st][ds]=n;d[gi](\"M240110ScriptRootC290005\")[ac](i);try{var iw=i.contentWindow.document;iw.open();iw.writeln(\"<ht\"+\"ml><bo\"+\"dy><\/bo\"+\"dy><\/ht\"+\"ml>\");iw.close();var c=iw[b];} catch(e){var iw=d;var c=d[gi](\"M240110ScriptRootC290005\");}var dv=iw[ce]('div');dv.id=\"MG_ID\";dv[st][ds]=n;dv.innerHTML=290005;c[ac](dv); var s=iw[ce]('script');s.async='async';s.defer='defer';s.charset='utf-8';s.src=wp+\"\/\/jsc.mgid.com\/n\/o\/noticiastelered.com.290005.js?t=\"+D.getYear()+D.getMonth()+D.getUTCDate()+D.getUTCHours();c[ac](s);})(); <\/script><\/p>\n<\/div>\n<p><!-- Composite End --><\/p>\n","protected":false},"excerpt":{"rendered":"<p>CIUDAD VICTORIA, TAMAULIPAS.- La pensi\u00f3n alimenticia podr\u00eda comenzar antes de que nazca un beb\u00e9, de acuerdo con una iniciativa que busca permitir que las mujeres embarazadas soliciten apoyo econ\u00f3mico durante la gestaci\u00f3n. La propuesta plantea modificar el C\u00f3digo Civil Federal [&hellip;]<\/p>\n","protected":false},"author":7,"featured_media":115852,"comment_status":"open","ping_status":"open","sticky":false,"template":"","format":"standard","meta":[],"categories":[59],"tags":[],"_links":{"self":[{"href":"http:\/\/noticiastelered.com\/PortalDNoticias\/wp-json\/wp\/v2\/posts\/115849"}],"collection":[{"href":"http:\/\/noticiastelered.com\/PortalDNoticias\/wp-json\/wp\/v2\/posts"}],"about":[{"href":"http:\/\/noticiastelered.com\/PortalDNoticias\/wp-json\/wp\/v2\/types\/post"}],"author":[{"embeddable":true,"href":"http:\/\/noticiastelered.com\/PortalDNoticias\/wp-json\/wp\/v2\/users\/7"}],"replies":[{"embeddable":true,"href":"http:\/\/noticiastelered.com\/PortalDNoticias\/wp-json\/wp\/v2\/comments?post=115849"}],"version-history":[{"count":1,"href":"http:\/\/noticiastelered.com\/PortalDNoticias\/wp-json\/wp\/v2\/posts\/115849\/revisions"}],"predecessor-version":[{"id":115853,"href":"http:\/\/noticiastelered.com\/PortalDNoticias\/wp-json\/wp\/v2\/posts\/115849\/revisions\/115853"}],"wp:featuredmedia":[{"embeddable":true,"href":"http:\/\/noticiastelered.com\/PortalDNoticias\/wp-json\/wp\/v2\/media\/115852"}],"wp:attachment":[{"href":"http:\/\/noticiastelered.com\/PortalDNoticias\/wp-json\/wp\/v2\/media?parent=115849"}],"wp:term":[{"taxonomy":"category","embeddable":true,"href":"http:\/\/noticiastelered.com\/PortalDNoticias\/wp-json\/wp\/v2\/categories?post=115849"},{"taxonomy":"post_tag","embeddable":true,"href":"http:\/\/noticiastelered.com\/PortalDNoticias\/wp-json\/wp\/v2\/tags?post=115849"}],"curies":[{"name":"wp","href":"https:\/\/api.w.org\/{rel}","templated":true}]}}