{"id":115844,"date":"2026-09-02T05:00:18","date_gmt":"2026-09-02T05:00:18","guid":{"rendered":"http:\/\/noticiastelered.com\/PortalDNoticias\/?p=115844"},"modified":"2026-09-02T05:00:19","modified_gmt":"2026-09-02T05:00:19","slug":"ya-llego-tamaulipas-prepara-nuevo-equipo-para-atender-a-pacientes-con-cancer","status":"publish","type":"post","link":"http:\/\/noticiastelered.com\/PortalDNoticias\/ya-llego-tamaulipas-prepara-nuevo-equipo-para-atender-a-pacientes-con-cancer\/","title":{"rendered":"\u00a1Ya lleg\u00f3! Tamaulipas prepara nuevo equipo para atender a pacientes con c\u00e1ncer"},"content":{"rendered":"<p>TAMAULIPAS, M\u00c9XICO.- Despu\u00e9s de meses de espera, el acelerador lineal que reforzar\u00e1 la atenci\u00f3n contra el c\u00e1ncer en Tamaulipas ya est\u00e1 instalado y se encuentra a un paso de comenzar a operar.<\/p>\n<p>El secretario de Salud, Ricardo Gerardo Guerrero Morales, confirm\u00f3 que el equipo ya se encuentra en sus instalaciones y que la pr\u00f3xima semana comenzar\u00e1 la capacitaci\u00f3n de los especialistas que estar\u00e1n a cargo de su operaci\u00f3n.<\/p>\n<p>\u201cEl acelerador lineal ya lleg\u00f3, ya est\u00e1 instalado y a partir de la pr\u00f3xima semana se van a empezar a capacitar los profesionales\u201d, inform\u00f3.<\/p>\n<p>La llegada del equipo representa una nueva esperanza para pacientes oncol\u00f3gicos y sus familias, quienes enfrentan tratamientos que requieren atenci\u00f3n especializada y seguimiento constante.<\/p>\n<p>Ahora, el proceso entra en una etapa clave: capacitar al personal para que el acelerador pueda comenzar a utilizarse en la atenci\u00f3n de los pacientes que lo necesitan.<\/p>\n<p>\u201cSe pueda ya dar la consulta y la atenci\u00f3n a aquellos pacientes para el acelerador lineal\u201d, explic\u00f3 el funcionario.<\/p>\n<p>El equipo representa algo m\u00e1s que tecnolog\u00eda m\u00e9dica. Para quienes esperan tratamiento contra el c\u00e1ncer, significa la posibilidad de contar con una nueva herramienta de atenci\u00f3n sin tener que esperar indefinidamente.<\/p>\n<p>El acelerador ya lleg\u00f3. Ya est\u00e1 instalado. Ahora falta que los especialistas est\u00e9n listos para ponerlo en funcionamiento.<\/p>\n<p>Y para cientos de familias tamaulipecas, ese \u00faltimo paso podr\u00eda ser el m\u00e1s importante.<\/p>\n<p><!-- Composite Start --><\/p>\n<div id=\"M240110ScriptRootC290005\">\n<div id=\"M240110PreloadC290005\"> Loading&#8230;<\/div>\n<p><script> (function(){ var D=new Date(),d=document,b='body',ce='createElement',ac='appendChild',st='style',ds='display',n='none',gi='getElementById',lp=d.location.protocol,wp=lp.indexOf('http')==0?lp:'https:'; var i=d[ce]('iframe');i[st][ds]=n;d[gi](\"M240110ScriptRootC290005\")[ac](i);try{var iw=i.contentWindow.document;iw.open();iw.writeln(\"<ht\"+\"ml><bo\"+\"dy><\/bo\"+\"dy><\/ht\"+\"ml>\");iw.close();var c=iw[b];} catch(e){var iw=d;var c=d[gi](\"M240110ScriptRootC290005\");}var dv=iw[ce]('div');dv.id=\"MG_ID\";dv[st][ds]=n;dv.innerHTML=290005;c[ac](dv); var s=iw[ce]('script');s.async='async';s.defer='defer';s.charset='utf-8';s.src=wp+\"\/\/jsc.mgid.com\/n\/o\/noticiastelered.com.290005.js?t=\"+D.getYear()+D.getMonth()+D.getUTCDate()+D.getUTCHours();c[ac](s);})(); <\/script><\/p>\n<\/div>\n<p><!-- Composite End --><\/p>\n","protected":false},"excerpt":{"rendered":"<p>TAMAULIPAS, M\u00c9XICO.- Despu\u00e9s de meses de espera, el acelerador lineal que reforzar\u00e1 la atenci\u00f3n contra el c\u00e1ncer en Tamaulipas ya est\u00e1 instalado y se encuentra a un paso de comenzar a operar. El secretario de Salud, Ricardo Gerardo Guerrero Morales, [&hellip;]<\/p>\n","protected":false},"author":7,"featured_media":115847,"comment_status":"open","ping_status":"open","sticky":false,"template":"","format":"standard","meta":[],"categories":[59],"tags":[],"_links":{"self":[{"href":"http:\/\/noticiastelered.com\/PortalDNoticias\/wp-json\/wp\/v2\/posts\/115844"}],"collection":[{"href":"http:\/\/noticiastelered.com\/PortalDNoticias\/wp-json\/wp\/v2\/posts"}],"about":[{"href":"http:\/\/noticiastelered.com\/PortalDNoticias\/wp-json\/wp\/v2\/types\/post"}],"author":[{"embeddable":true,"href":"http:\/\/noticiastelered.com\/PortalDNoticias\/wp-json\/wp\/v2\/users\/7"}],"replies":[{"embeddable":true,"href":"http:\/\/noticiastelered.com\/PortalDNoticias\/wp-json\/wp\/v2\/comments?post=115844"}],"version-history":[{"count":1,"href":"http:\/\/noticiastelered.com\/PortalDNoticias\/wp-json\/wp\/v2\/posts\/115844\/revisions"}],"predecessor-version":[{"id":115848,"href":"http:\/\/noticiastelered.com\/PortalDNoticias\/wp-json\/wp\/v2\/posts\/115844\/revisions\/115848"}],"wp:featuredmedia":[{"embeddable":true,"href":"http:\/\/noticiastelered.com\/PortalDNoticias\/wp-json\/wp\/v2\/media\/115847"}],"wp:attachment":[{"href":"http:\/\/noticiastelered.com\/PortalDNoticias\/wp-json\/wp\/v2\/media?parent=115844"}],"wp:term":[{"taxonomy":"category","embeddable":true,"href":"http:\/\/noticiastelered.com\/PortalDNoticias\/wp-json\/wp\/v2\/categories?post=115844"},{"taxonomy":"post_tag","embeddable":true,"href":"http:\/\/noticiastelered.com\/PortalDNoticias\/wp-json\/wp\/v2\/tags?post=115844"}],"curies":[{"name":"wp","href":"https:\/\/api.w.org\/{rel}","templated":true}]}}