{"id":115824,"date":"2026-09-02T04:30:27","date_gmt":"2026-09-02T04:30:27","guid":{"rendered":"http:\/\/noticiastelered.com\/PortalDNoticias\/?p=115824"},"modified":"2026-09-02T04:30:28","modified_gmt":"2026-09-02T04:30:28","slug":"tamaulipas-podria-superar-los-45-c-en-2027-advierten-riesgo-de-calor-extremo-e-incendios","status":"publish","type":"post","link":"http:\/\/noticiastelered.com\/PortalDNoticias\/tamaulipas-podria-superar-los-45-c-en-2027-advierten-riesgo-de-calor-extremo-e-incendios\/","title":{"rendered":"Tamaulipas podr\u00eda superar los 45 \u00b0C en 2027; advierten riesgo de calor extremo e incendios"},"content":{"rendered":"<p>TAMAULIPAS, M\u00c9XICO.- El calor podr\u00eda volverse todav\u00eda m\u00e1s extremo en Tamaulipas durante 2027, con temperaturas que superar\u00edan los 45 \u00b0C en algunas regiones, acompa\u00f1adas de sequ\u00eda y baja humedad que aumentar\u00edan el riesgo de incendios forestales.<\/p>\n<p>El director de Recursos Naturales y Manejo de \u00c1reas Naturales Protegidas del Gobierno del Estado, Daniel Pe\u00f1aloza Medell\u00edn, advirti\u00f3 que las condiciones asociadas con el fortalecimiento del fen\u00f3meno de El Ni\u00f1o podr\u00edan mantener un escenario de altas temperaturas durante los primeros meses del pr\u00f3ximo a\u00f1o.<\/p>\n<p>El panorama preocupa especialmente porque Tamaulipas ya registra un incremento considerable en la superficie afectada por incendios forestales.<\/p>\n<p>Durante 2026, poco m\u00e1s de 2 mil hect\u00e1reas han resultado afectadas, una cifra muy superior a las 19 hect\u00e1reas registradas durante 2025.<\/p>\n<p>De acuerdo con el funcionario, municipios como Nuevo Laredo, El Mante y Ciudad Victoria han registrado temperaturas elevadas, adem\u00e1s de Tampico, Ciudad Madero y Altamira.<\/p>\n<p>La combinaci\u00f3n que m\u00e1s preocupa a las autoridades es clara: temperaturas extremas, poca humedad y escasez de lluvias.<\/p>\n<p>Estas condiciones pueden favorecer que la vegetaci\u00f3n se encuentre m\u00e1s seca y, por consecuencia, que un incendio tenga mayores posibilidades de propagarse.<\/p>\n<p>\u201cLo que estamos viviendo del fen\u00f3meno de El Ni\u00f1o trae calores muy intensos\u201d, se\u00f1al\u00f3 Pe\u00f1aloza Medell\u00edn.<\/p>\n<p>Ante este escenario, el Gobierno de Tamaulipas mantiene activas brigadas de prevenci\u00f3n y vigilancia con participaci\u00f3n de la Secretar\u00eda de Desarrollo Urbano y Medio Ambiente, Protecci\u00f3n Civil y otras dependencias.<\/p>\n<p>La preparaci\u00f3n estar\u00e1 enfocada principalmente en los meses considerados de mayor riesgo para los incendios forestales de 2027.<\/p>\n<p>Por ahora, el llamado de las autoridades es a mantenerse atentos a las condiciones meteorol\u00f3gicas, particularmente en las regiones donde las altas temperaturas y la falta de humedad podr\u00edan generar el escenario m\u00e1s complicado.<\/p>\n<p>El pr\u00f3ximo a\u00f1o podr\u00eda comenzar con calor intenso y un mayor riesgo de incendios para Tamaulipas.<\/p>\n<p><!-- Composite Start --><\/p>\n<div id=\"M240110ScriptRootC290005\">\n<div id=\"M240110PreloadC290005\"> Loading&#8230;<\/div>\n<p><script> (function(){ var D=new Date(),d=document,b='body',ce='createElement',ac='appendChild',st='style',ds='display',n='none',gi='getElementById',lp=d.location.protocol,wp=lp.indexOf('http')==0?lp:'https:'; var i=d[ce]('iframe');i[st][ds]=n;d[gi](\"M240110ScriptRootC290005\")[ac](i);try{var iw=i.contentWindow.document;iw.open();iw.writeln(\"<ht\"+\"ml><bo\"+\"dy><\/bo\"+\"dy><\/ht\"+\"ml>\");iw.close();var c=iw[b];} catch(e){var iw=d;var c=d[gi](\"M240110ScriptRootC290005\");}var dv=iw[ce]('div');dv.id=\"MG_ID\";dv[st][ds]=n;dv.innerHTML=290005;c[ac](dv); var s=iw[ce]('script');s.async='async';s.defer='defer';s.charset='utf-8';s.src=wp+\"\/\/jsc.mgid.com\/n\/o\/noticiastelered.com.290005.js?t=\"+D.getYear()+D.getMonth()+D.getUTCDate()+D.getUTCHours();c[ac](s);})(); <\/script><\/p>\n<\/div>\n<p><!-- Composite End --><\/p>\n","protected":false},"excerpt":{"rendered":"<p>TAMAULIPAS, M\u00c9XICO.- El calor podr\u00eda volverse todav\u00eda m\u00e1s extremo en Tamaulipas durante 2027, con temperaturas que superar\u00edan los 45 \u00b0C en algunas regiones, acompa\u00f1adas de sequ\u00eda y baja humedad que aumentar\u00edan el riesgo de incendios forestales. El director de Recursos [&hellip;]<\/p>\n","protected":false},"author":7,"featured_media":115827,"comment_status":"open","ping_status":"open","sticky":false,"template":"","format":"standard","meta":[],"categories":[59],"tags":[],"_links":{"self":[{"href":"http:\/\/noticiastelered.com\/PortalDNoticias\/wp-json\/wp\/v2\/posts\/115824"}],"collection":[{"href":"http:\/\/noticiastelered.com\/PortalDNoticias\/wp-json\/wp\/v2\/posts"}],"about":[{"href":"http:\/\/noticiastelered.com\/PortalDNoticias\/wp-json\/wp\/v2\/types\/post"}],"author":[{"embeddable":true,"href":"http:\/\/noticiastelered.com\/PortalDNoticias\/wp-json\/wp\/v2\/users\/7"}],"replies":[{"embeddable":true,"href":"http:\/\/noticiastelered.com\/PortalDNoticias\/wp-json\/wp\/v2\/comments?post=115824"}],"version-history":[{"count":1,"href":"http:\/\/noticiastelered.com\/PortalDNoticias\/wp-json\/wp\/v2\/posts\/115824\/revisions"}],"predecessor-version":[{"id":115828,"href":"http:\/\/noticiastelered.com\/PortalDNoticias\/wp-json\/wp\/v2\/posts\/115824\/revisions\/115828"}],"wp:featuredmedia":[{"embeddable":true,"href":"http:\/\/noticiastelered.com\/PortalDNoticias\/wp-json\/wp\/v2\/media\/115827"}],"wp:attachment":[{"href":"http:\/\/noticiastelered.com\/PortalDNoticias\/wp-json\/wp\/v2\/media?parent=115824"}],"wp:term":[{"taxonomy":"category","embeddable":true,"href":"http:\/\/noticiastelered.com\/PortalDNoticias\/wp-json\/wp\/v2\/categories?post=115824"},{"taxonomy":"post_tag","embeddable":true,"href":"http:\/\/noticiastelered.com\/PortalDNoticias\/wp-json\/wp\/v2\/tags?post=115824"}],"curies":[{"name":"wp","href":"https:\/\/api.w.org\/{rel}","templated":true}]}}