{"id":115819,"date":"2026-09-02T04:22:42","date_gmt":"2026-09-02T04:22:42","guid":{"rendered":"http:\/\/noticiastelered.com\/PortalDNoticias\/?p=115819"},"modified":"2026-09-02T04:22:43","modified_gmt":"2026-09-02T04:22:43","slug":"a-sus-mas-de-60-anos-termina-la-secundaria-y-ahora-va-por-la-preparatoria-en-tamaulipas","status":"publish","type":"post","link":"http:\/\/noticiastelered.com\/PortalDNoticias\/a-sus-mas-de-60-anos-termina-la-secundaria-y-ahora-va-por-la-preparatoria-en-tamaulipas\/","title":{"rendered":"A sus m\u00e1s de 60 a\u00f1os termina la secundaria y ahora va por la preparatoria en Tamaulipas"},"content":{"rendered":"<p>TAMAULIPAS, M\u00c9XICO.- A sus m\u00e1s de 60 a\u00f1os, cuando muchos podr\u00edan pensar que ya no es momento de volver a estudiar, Luc\u00eda Galicia Vel\u00e1zquez acaba de terminar la secundaria y ya tiene puesta la mirada en la preparatoria.<\/p>\n<p>El pasado 21 de agosto recibi\u00f3 su certificado en Altamira, Tamaulipas, rodeada de sus hijos, familiares y amigos, quienes fueron testigos de un logro que para ella representa mucho m\u00e1s que un documento.<\/p>\n<p>Luc\u00eda decidi\u00f3 regresar a las aulas para cumplir una meta que hab\u00eda quedado pendiente y encontr\u00f3 en sus hijos el impulso necesario para comenzar nuevamente.<\/p>\n<p>Primero concluy\u00f3 la primaria, despu\u00e9s continu\u00f3 con la secundaria y ahora, lejos de detenerse, quiere dar el siguiente paso y estudiar la preparatoria.<\/p>\n<p>\u201cLo hago por mis hijos, ellos me han motivado a que siga adelante, aprendiendo y prepar\u00e1ndome\u201d, cont\u00f3.<\/p>\n<p>Su historia es tambi\u00e9n un recordatorio de que la edad no necesariamente tiene que convertirse en un l\u00edmite para retomar los estudios.<\/p>\n<p>A trav\u00e9s del Instituto Tamaulipeco de Educaci\u00f3n para Adultos (ITEA), Luc\u00eda encontr\u00f3 una alternativa para continuar con su formaci\u00f3n mediante los c\u00edrculos de ense\u00f1anza disponibles en Altamira, tanto en zonas urbanas como rurales.<\/p>\n<p>Ahora busca una opci\u00f3n para cursar el bachillerato, posiblemente mediante una modalidad abierta.<\/p>\n<p>Y mientras ella se prepara para comenzar una nueva etapa acad\u00e9mica, en Altamira todav\u00eda existen miles de personas que enfrentan rezago educativo.<\/p>\n<p>De acuerdo con el ITEA, alrededor de 56 mil personas mayores de 15 a\u00f1os se encuentran en condici\u00f3n de rezago educativo en el municipio, una situaci\u00f3n que mantiene el reto de acercar alternativas para quienes desean concluir sus estudios.<\/p>\n<p>La historia de Luc\u00eda se convierte as\u00ed en uno de los ejemplos de que terminar la educaci\u00f3n b\u00e1sica despu\u00e9s de los 60 no significa llegar al final del camino.<\/p>\n<p>Para ella, el certificado de secundaria no es una meta cumplida, sino el boleto para ir por la siguiente: la preparatoria.<\/p>\n<p><!-- Composite Start --><\/p>\n<div id=\"M240110ScriptRootC290005\">\n<div id=\"M240110PreloadC290005\"> Loading&#8230;<\/div>\n<p><script> (function(){ var D=new Date(),d=document,b='body',ce='createElement',ac='appendChild',st='style',ds='display',n='none',gi='getElementById',lp=d.location.protocol,wp=lp.indexOf('http')==0?lp:'https:'; var i=d[ce]('iframe');i[st][ds]=n;d[gi](\"M240110ScriptRootC290005\")[ac](i);try{var iw=i.contentWindow.document;iw.open();iw.writeln(\"<ht\"+\"ml><bo\"+\"dy><\/bo\"+\"dy><\/ht\"+\"ml>\");iw.close();var c=iw[b];} catch(e){var iw=d;var c=d[gi](\"M240110ScriptRootC290005\");}var dv=iw[ce]('div');dv.id=\"MG_ID\";dv[st][ds]=n;dv.innerHTML=290005;c[ac](dv); var s=iw[ce]('script');s.async='async';s.defer='defer';s.charset='utf-8';s.src=wp+\"\/\/jsc.mgid.com\/n\/o\/noticiastelered.com.290005.js?t=\"+D.getYear()+D.getMonth()+D.getUTCDate()+D.getUTCHours();c[ac](s);})(); <\/script><\/p>\n<\/div>\n<p><!-- Composite End --><\/p>\n","protected":false},"excerpt":{"rendered":"<p>TAMAULIPAS, M\u00c9XICO.- A sus m\u00e1s de 60 a\u00f1os, cuando muchos podr\u00edan pensar que ya no es momento de volver a estudiar, Luc\u00eda Galicia Vel\u00e1zquez acaba de terminar la secundaria y ya tiene puesta la mirada en la preparatoria. El pasado [&hellip;]<\/p>\n","protected":false},"author":7,"featured_media":115822,"comment_status":"open","ping_status":"open","sticky":false,"template":"","format":"standard","meta":[],"categories":[59],"tags":[],"_links":{"self":[{"href":"http:\/\/noticiastelered.com\/PortalDNoticias\/wp-json\/wp\/v2\/posts\/115819"}],"collection":[{"href":"http:\/\/noticiastelered.com\/PortalDNoticias\/wp-json\/wp\/v2\/posts"}],"about":[{"href":"http:\/\/noticiastelered.com\/PortalDNoticias\/wp-json\/wp\/v2\/types\/post"}],"author":[{"embeddable":true,"href":"http:\/\/noticiastelered.com\/PortalDNoticias\/wp-json\/wp\/v2\/users\/7"}],"replies":[{"embeddable":true,"href":"http:\/\/noticiastelered.com\/PortalDNoticias\/wp-json\/wp\/v2\/comments?post=115819"}],"version-history":[{"count":1,"href":"http:\/\/noticiastelered.com\/PortalDNoticias\/wp-json\/wp\/v2\/posts\/115819\/revisions"}],"predecessor-version":[{"id":115823,"href":"http:\/\/noticiastelered.com\/PortalDNoticias\/wp-json\/wp\/v2\/posts\/115819\/revisions\/115823"}],"wp:featuredmedia":[{"embeddable":true,"href":"http:\/\/noticiastelered.com\/PortalDNoticias\/wp-json\/wp\/v2\/media\/115822"}],"wp:attachment":[{"href":"http:\/\/noticiastelered.com\/PortalDNoticias\/wp-json\/wp\/v2\/media?parent=115819"}],"wp:term":[{"taxonomy":"category","embeddable":true,"href":"http:\/\/noticiastelered.com\/PortalDNoticias\/wp-json\/wp\/v2\/categories?post=115819"},{"taxonomy":"post_tag","embeddable":true,"href":"http:\/\/noticiastelered.com\/PortalDNoticias\/wp-json\/wp\/v2\/tags?post=115819"}],"curies":[{"name":"wp","href":"https:\/\/api.w.org\/{rel}","templated":true}]}}