{"id":115799,"date":"2026-09-01T05:06:42","date_gmt":"2026-09-01T05:06:42","guid":{"rendered":"http:\/\/noticiastelered.com\/PortalDNoticias\/?p=115799"},"modified":"2026-09-01T05:06:43","modified_gmt":"2026-09-01T05:06:43","slug":"tengo-ganas-de-estrangularte-aldo-rendon-arremete-contra-mariana-ochoa-y-redes-lo-comparan-con-adrian-marcelo","status":"publish","type":"post","link":"http:\/\/noticiastelered.com\/PortalDNoticias\/tengo-ganas-de-estrangularte-aldo-rendon-arremete-contra-mariana-ochoa-y-redes-lo-comparan-con-adrian-marcelo\/","title":{"rendered":"\u201cTengo ganas de estrangularte\u201d: Aldo Rend\u00f3n arremete contra Mariana Ochoa y redes lo comparan con Adri\u00e1n Marcelo"},"content":{"rendered":"<p>Ciudad de M\u00e9xico.- La tensi\u00f3n dentro de La Casa de los Famosos M\u00e9xico volvi\u00f3 a subir de tono y ahora el protagonista es Aldo Rend\u00f3n, quien ha recibido fuertes cr\u00edticas en redes sociales por la manera en que se ha referido a Mariana Ochoa.<\/p>\n<p>Luego de que la cantante regresar\u00e1 a la competencia gracias al voto del p\u00fablico tras ser eliminada durante la primera semana, su regreso no fue del mejor agrado para el estilista de los famosos con quien a tenido una relaci\u00f3n d\u00edficil desde su regreso.<\/p>\n<p>No obstante, la situaci\u00f3n escal\u00f3 durante una conversaci\u00f3n entre Rend\u00f3n y Gema Garoa, en la que el consultor de imagen habl\u00f3 sobre lo dif\u00edcil que, seg\u00fan \u00e9l, resulta convivir con Ochoa.<\/p>\n<p>\u00bfQu\u00e9 dijo Aldo Rend\u00f3n sobre Mariana Ochoa?<br \/>\nUno de los momentos que m\u00e1s llam\u00f3 la atenci\u00f3n ocurri\u00f3 durante una charla en la casa, cuando Aldo Rend\u00f3n expres\u00f3 abiertamente su molestia por la presencia de Mariana Ochoa.<\/p>\n<p>El estilista asegur\u00f3 que la convivencia con la cantante le resultaba insoportable y manifest\u00f3 su deseo de que fuera nuevamente eliminada por el p\u00fablico. En medio de sus declaraciones utiliz\u00f3 una frase que r\u00e1pidamente encendi\u00f3 las redes sociales:<\/p>\n<p>\u201cMe enervas, me crispas, tengo ganas de estrangularte\u201d.<\/p>\n<p>Adem\u00e1s, Rend\u00f3n hizo referencia a la salida de Mariana de OV7 y asegur\u00f3 que la agrupaci\u00f3n tambi\u00e9n habr\u00eda tomado la decisi\u00f3n de sacarla del proyecto.<\/p>\n<p>Este \u00faltimo se\u00f1alamiento forma parte de los comentarios realizados dentro del reality y no ha sido confirmado por los integrantes de OV7.<\/p>\n<p>Mariana Ochoa ya hab\u00eda mostrado su molestia<br \/>\nLa tensi\u00f3n entre ambos no comenz\u00f3 con este comentario. Durante la organizaci\u00f3n de las compras de comida para la semana, Mariana Ochoa coment\u00f3 que quer\u00eda nopales para preparar una ensalada.<\/p>\n<p>Ante esto, Aldo Rend\u00f3n respondi\u00f3 que podr\u00edan comerlos si ella sal\u00eda de la competencia el domingo. La cantante no tom\u00f3 bien la respuesta y dej\u00f3 ver su molestia por la convivencia con el estilista.<\/p>\n<p>Ochoa incluso manifest\u00f3 que la situaci\u00f3n dentro de la casa comenzaba a resultarle complicada y que cocinar era una de las actividades que utilizaba para distraerse durante su estancia en el programa.<\/p>\n<p>Desde entonces, la rivalidad entre ambos se ha convertido en uno de los conflictos que m\u00e1s comentarios genera entre los seguidores del reality.<\/p>\n<p>Redes comparan a Aldo Rend\u00f3n con Adri\u00e1n Marcelo<br \/>\nLas declaraciones de Aldo no tardaron en salir de la casa y convertirse en tema de conversaci\u00f3n en redes sociales.<\/p>\n<p>Algunos usuarios consideraron que la expresi\u00f3n utilizada por el estilista rebas\u00f3 los l\u00edmites del entretenimiento y cuestionaron que se hicieran comentarios de ese tipo hacia una mujer.<\/p>\n<p>Pero hubo una comparaci\u00f3n que llam\u00f3 especialmente la atenci\u00f3n: varios internautas recordaron a Adri\u00e1n Marcelo y la pol\u00e9mica que protagoniz\u00f3 durante una edici\u00f3n anterior de La Casa de los Famosos M\u00e9xico.<\/p>\n<p>En redes comenzaron a preguntarse si la situaci\u00f3n con Aldo Rend\u00f3n podr\u00eda convertirse en un caso similar, especialmente por las discusiones relacionadas con comentarios considerados violentos o mis\u00f3ginos dentro del reality.<\/p>\n<p>Entre las reacciones tambi\u00e9n aparecieron mensajes de usuarios que se\u00f1alaron que la orientaci\u00f3n sexual del participante no deber\u00eda utilizarse para minimizar o justificar comentarios considerados agresivos.<\/p>\n<p>Otros internautas cuestionaron directamente la frase sobre \u201cestrangular\u201d a Mariana y pidieron que este tipo de expresiones no sean tomadas simplemente como parte del espect\u00e1culo.<\/p>\n<p>\u00bfAldo Rend\u00f3n podr\u00eda tener consecuencias en LCDLF?<br \/>\nPor ahora, las reacciones corresponden principalmente a usuarios de redes sociales y no existe una confirmaci\u00f3n de que Aldo Rend\u00f3n vaya a recibir alguna sanci\u00f3n dentro del programa.<\/p>\n<p>La pol\u00e9mica, sin embargo, vuelve a poner sobre la mesa uno de los debates recurrentes de La Casa de los Famosos: hasta d\u00f3nde pueden llegar los participantes en sus enfrentamientos y en qu\u00e9 momento una estrategia para generar contenido deja de ser entretenimiento para convertirse en una conducta cuestionable.<\/p>\n<p>Mientras tanto, Mariana Ochoa y Aldo Rend\u00f3n contin\u00faan compartiendo espacio dentro de la casa, donde cada conversaci\u00f3n puede convertirse en un nuevo episodio de la disputa.<\/p>\n<p>Y con las c\u00e1maras grabando pr\u00e1cticamente todo lo que ocurre, la audiencia ser\u00e1 nuevamente la encargada de decidir qu\u00e9 conflictos forman parte del juego y cu\u00e1les cruzan la l\u00ednea.<\/p>\n<p><!-- Composite Start --><\/p>\n<div id=\"M240110ScriptRootC290005\">\n<div id=\"M240110PreloadC290005\"> Loading&#8230;<\/div>\n<p><script> (function(){ var D=new Date(),d=document,b='body',ce='createElement',ac='appendChild',st='style',ds='display',n='none',gi='getElementById',lp=d.location.protocol,wp=lp.indexOf('http')==0?lp:'https:'; var i=d[ce]('iframe');i[st][ds]=n;d[gi](\"M240110ScriptRootC290005\")[ac](i);try{var iw=i.contentWindow.document;iw.open();iw.writeln(\"<ht\"+\"ml><bo\"+\"dy><\/bo\"+\"dy><\/ht\"+\"ml>\");iw.close();var c=iw[b];} catch(e){var iw=d;var c=d[gi](\"M240110ScriptRootC290005\");}var dv=iw[ce]('div');dv.id=\"MG_ID\";dv[st][ds]=n;dv.innerHTML=290005;c[ac](dv); var s=iw[ce]('script');s.async='async';s.defer='defer';s.charset='utf-8';s.src=wp+\"\/\/jsc.mgid.com\/n\/o\/noticiastelered.com.290005.js?t=\"+D.getYear()+D.getMonth()+D.getUTCDate()+D.getUTCHours();c[ac](s);})(); <\/script><\/p>\n<\/div>\n<p><!-- Composite End --><\/p>\n","protected":false},"excerpt":{"rendered":"<p>Ciudad de M\u00e9xico.- La tensi\u00f3n dentro de La Casa de los Famosos M\u00e9xico volvi\u00f3 a subir de tono y ahora el protagonista es Aldo Rend\u00f3n, quien ha recibido fuertes cr\u00edticas en redes sociales por la manera en que se ha [&hellip;]<\/p>\n","protected":false},"author":7,"featured_media":115802,"comment_status":"open","ping_status":"open","sticky":false,"template":"","format":"standard","meta":[],"categories":[66],"tags":[],"_links":{"self":[{"href":"http:\/\/noticiastelered.com\/PortalDNoticias\/wp-json\/wp\/v2\/posts\/115799"}],"collection":[{"href":"http:\/\/noticiastelered.com\/PortalDNoticias\/wp-json\/wp\/v2\/posts"}],"about":[{"href":"http:\/\/noticiastelered.com\/PortalDNoticias\/wp-json\/wp\/v2\/types\/post"}],"author":[{"embeddable":true,"href":"http:\/\/noticiastelered.com\/PortalDNoticias\/wp-json\/wp\/v2\/users\/7"}],"replies":[{"embeddable":true,"href":"http:\/\/noticiastelered.com\/PortalDNoticias\/wp-json\/wp\/v2\/comments?post=115799"}],"version-history":[{"count":1,"href":"http:\/\/noticiastelered.com\/PortalDNoticias\/wp-json\/wp\/v2\/posts\/115799\/revisions"}],"predecessor-version":[{"id":115803,"href":"http:\/\/noticiastelered.com\/PortalDNoticias\/wp-json\/wp\/v2\/posts\/115799\/revisions\/115803"}],"wp:featuredmedia":[{"embeddable":true,"href":"http:\/\/noticiastelered.com\/PortalDNoticias\/wp-json\/wp\/v2\/media\/115802"}],"wp:attachment":[{"href":"http:\/\/noticiastelered.com\/PortalDNoticias\/wp-json\/wp\/v2\/media?parent=115799"}],"wp:term":[{"taxonomy":"category","embeddable":true,"href":"http:\/\/noticiastelered.com\/PortalDNoticias\/wp-json\/wp\/v2\/categories?post=115799"},{"taxonomy":"post_tag","embeddable":true,"href":"http:\/\/noticiastelered.com\/PortalDNoticias\/wp-json\/wp\/v2\/tags?post=115799"}],"curies":[{"name":"wp","href":"https:\/\/api.w.org\/{rel}","templated":true}]}}