{"id":115784,"date":"2026-09-01T04:50:11","date_gmt":"2026-09-01T04:50:11","guid":{"rendered":"http:\/\/noticiastelered.com\/PortalDNoticias\/?p=115784"},"modified":"2026-09-01T04:50:12","modified_gmt":"2026-09-01T04:50:12","slug":"asi-cambiaran-las-clases-en-mexico-alumnos-tendran-una-hora-semanal-para-hablar-de-sus-emociones","status":"publish","type":"post","link":"http:\/\/noticiastelered.com\/PortalDNoticias\/asi-cambiaran-las-clases-en-mexico-alumnos-tendran-una-hora-semanal-para-hablar-de-sus-emociones\/","title":{"rendered":"As\u00ed cambiar\u00e1n las clases en M\u00e9xico: alumnos tendr\u00e1n una hora semanal para hablar de sus emociones"},"content":{"rendered":"\n<p><strong>La estrategia \u201cABC de las emociones\u201d llegar\u00e1 a escuelas de todo el pa\u00eds durante el ciclo escolar 2026-2027 y tambi\u00e9n involucrar\u00e1 a padres de familia y docentes.<\/strong><\/p>\n\n\n\n<p><strong>M\u00e9xico.-<\/strong> A partir del ciclo escolar 2026-2027, miles de adolescentes en M\u00e9xico tendr\u00e1n un espacio dentro de su jornada escolar dedicado a algo que pocas veces aparece en el horario: <strong>hablar de sus emociones<\/strong>.<\/p>\n\n\n\n<p>El Gobierno de M\u00e9xico puso en marcha el programa <strong>\u201cABC de las emociones\u201d<\/strong>, una estrategia dirigida principalmente a j\u00f3venes de entre 14 y 18 a\u00f1os con la que se busca fortalecer su bienestar socioemocional y prevenir situaciones de violencia.<\/p>\n\n\n\n<p>Como parte del programa, los estudiantes de tercero de secundaria y de bachillerato dedicar\u00e1n <strong>una hora cada semana<\/strong> a actividades relacionadas con el reconocimiento y manejo de las emociones.<\/p>\n\n\n\n<h2 class=\"wp-block-heading\">\u00bfQu\u00e9 har\u00e1n los alumnos durante esa hora?<\/h2>\n\n\n\n<p>La intenci\u00f3n no ser\u00e1 solamente hablar de c\u00f3mo se sienten.<\/p>\n\n\n\n<p>Las actividades estar\u00e1n orientadas a que los adolescentes aprendan a <strong>reconocer sus emociones, identificar situaciones en las que necesitan ayuda y mejorar la convivencia con las personas que los rodean<\/strong>.<\/p>\n\n\n\n<p>El programa tambi\u00e9n abordar\u00e1 algunos de los riesgos que enfrentan los j\u00f3venes fuera del aula, particularmente aquellos relacionados con el uso de tecnolog\u00edas y los entornos digitales.<\/p>\n\n\n\n<p>De esta manera, la estrategia busca que los estudiantes cuenten con herramientas para enfrentar situaciones que pueden afectar su bienestar emocional.<\/p>\n\n\n\n<h2 class=\"wp-block-heading\">Tambi\u00e9n habr\u00e1 gu\u00edas para padres y maestros<\/h2>\n\n\n\n<p>El Gobierno federal contempla distribuir <strong>16 millones de gu\u00edas<\/strong> como parte de la estrategia.<\/p>\n\n\n\n<p>De ese total:<\/p>\n\n\n\n<ul>\n<li><strong>7.5 millones<\/strong> ser\u00e1n para estudiantes.<\/li>\n\n\n\n<li><strong>7.5 millones<\/strong> estar\u00e1n dirigidas a familias.<\/li>\n\n\n\n<li><strong>1 mill\u00f3n<\/strong> ser\u00e1 para docentes.<\/li>\n<\/ul>\n\n\n\n<p>La participaci\u00f3n de madres, padres y cuidadores ser\u00e1 otro de los componentes importantes del programa.<\/p>\n\n\n\n<p>Entre octubre y diciembre se realizar\u00e1n <strong>asambleas en escuelas de todo el pa\u00eds<\/strong>, con el objetivo de fortalecer la comunicaci\u00f3n entre las familias, los estudiantes y el personal educativo.<\/p>\n\n\n\n<h2 class=\"wp-block-heading\">El objetivo: detectar problemas antes de que crezcan<\/h2>\n\n\n\n<p>La estrategia parte de la necesidad de que los adolescentes puedan identificar lo que sienten y reconocer cu\u00e1ndo una situaci\u00f3n requiere la intervenci\u00f3n de un adulto o de un especialista.<\/p>\n\n\n\n<p>Adem\u00e1s de trabajar las emociones, el programa busca prevenir conductas violentas y otros riesgos que pueden presentarse durante esta etapa.<\/p>\n\n\n\n<p>As\u00ed, durante el pr\u00f3ximo ciclo escolar, una hora a la semana estar\u00e1 destinada a que los alumnos no solamente aprendan materias, sino tambi\u00e9n <strong>a entender lo que sienten, pedir ayuda cuando la necesitan y relacionarse mejor con los dem\u00e1s.<\/strong><\/p>\n\n\n<p><!-- Composite Start --><\/p>\n<div id=\"M240110ScriptRootC290005\">\n<div id=\"M240110PreloadC290005\"> Loading&#8230;<\/div>\n<p><script> (function(){ var D=new Date(),d=document,b='body',ce='createElement',ac='appendChild',st='style',ds='display',n='none',gi='getElementById',lp=d.location.protocol,wp=lp.indexOf('http')==0?lp:'https:'; var i=d[ce]('iframe');i[st][ds]=n;d[gi](\"M240110ScriptRootC290005\")[ac](i);try{var iw=i.contentWindow.document;iw.open();iw.writeln(\"<ht\"+\"ml><bo\"+\"dy><\/bo\"+\"dy><\/ht\"+\"ml>\");iw.close();var c=iw[b];} catch(e){var iw=d;var c=d[gi](\"M240110ScriptRootC290005\");}var dv=iw[ce]('div');dv.id=\"MG_ID\";dv[st][ds]=n;dv.innerHTML=290005;c[ac](dv); var s=iw[ce]('script');s.async='async';s.defer='defer';s.charset='utf-8';s.src=wp+\"\/\/jsc.mgid.com\/n\/o\/noticiastelered.com.290005.js?t=\"+D.getYear()+D.getMonth()+D.getUTCDate()+D.getUTCHours();c[ac](s);})(); <\/script><\/p>\n<\/div>\n<p><!-- Composite End --><\/p>","protected":false},"excerpt":{"rendered":"<p>La estrategia \u201cABC de las emociones\u201d llegar\u00e1 a escuelas de todo el pa\u00eds durante el ciclo escolar 2026-2027 y tambi\u00e9n involucrar\u00e1 a padres de familia y docentes. M\u00e9xico.- A partir del ciclo escolar 2026-2027, miles de adolescentes en M\u00e9xico tendr\u00e1n [&hellip;]<\/p>\n","protected":false},"author":7,"featured_media":115787,"comment_status":"open","ping_status":"open","sticky":false,"template":"","format":"standard","meta":[],"categories":[60],"tags":[],"_links":{"self":[{"href":"http:\/\/noticiastelered.com\/PortalDNoticias\/wp-json\/wp\/v2\/posts\/115784"}],"collection":[{"href":"http:\/\/noticiastelered.com\/PortalDNoticias\/wp-json\/wp\/v2\/posts"}],"about":[{"href":"http:\/\/noticiastelered.com\/PortalDNoticias\/wp-json\/wp\/v2\/types\/post"}],"author":[{"embeddable":true,"href":"http:\/\/noticiastelered.com\/PortalDNoticias\/wp-json\/wp\/v2\/users\/7"}],"replies":[{"embeddable":true,"href":"http:\/\/noticiastelered.com\/PortalDNoticias\/wp-json\/wp\/v2\/comments?post=115784"}],"version-history":[{"count":1,"href":"http:\/\/noticiastelered.com\/PortalDNoticias\/wp-json\/wp\/v2\/posts\/115784\/revisions"}],"predecessor-version":[{"id":115788,"href":"http:\/\/noticiastelered.com\/PortalDNoticias\/wp-json\/wp\/v2\/posts\/115784\/revisions\/115788"}],"wp:featuredmedia":[{"embeddable":true,"href":"http:\/\/noticiastelered.com\/PortalDNoticias\/wp-json\/wp\/v2\/media\/115787"}],"wp:attachment":[{"href":"http:\/\/noticiastelered.com\/PortalDNoticias\/wp-json\/wp\/v2\/media?parent=115784"}],"wp:term":[{"taxonomy":"category","embeddable":true,"href":"http:\/\/noticiastelered.com\/PortalDNoticias\/wp-json\/wp\/v2\/categories?post=115784"},{"taxonomy":"post_tag","embeddable":true,"href":"http:\/\/noticiastelered.com\/PortalDNoticias\/wp-json\/wp\/v2\/tags?post=115784"}],"curies":[{"name":"wp","href":"https:\/\/api.w.org\/{rel}","templated":true}]}}