{"id":115754,"date":"2026-08-31T03:42:12","date_gmt":"2026-08-31T03:42:12","guid":{"rendered":"http:\/\/noticiastelered.com\/PortalDNoticias\/?p=115754"},"modified":"2026-08-31T03:42:14","modified_gmt":"2026-08-31T03:42:14","slug":"feminicidios-se-disparan-en-tamaulipas-julio-rompe-record-de-9-anos-y-reynosa-concentra-mas-de-la-mitad","status":"publish","type":"post","link":"http:\/\/noticiastelered.com\/PortalDNoticias\/feminicidios-se-disparan-en-tamaulipas-julio-rompe-record-de-9-anos-y-reynosa-concentra-mas-de-la-mitad\/","title":{"rendered":"Feminicidios se disparan en Tamaulipas: julio rompe r\u00e9cord de 9 a\u00f1os y Reynosa concentra m\u00e1s de la mitad"},"content":{"rendered":"\n<p><strong>CIUDAD VICTORIA, TAMAULIPAS.-<\/strong> La violencia contra las mujeres encendi\u00f3 nuevamente las alertas en Tamaulipas.<\/p>\n\n\n\n<p>Durante julio se registraron <strong>seis feminicidios en el estado<\/strong>, el doble de los contabilizados durante junio, cuando fueron tres. La cifra representa adem\u00e1s el registro mensual m\u00e1s alto desde 2017, de acuerdo con los datos del Sistema Nacional de Seguridad P\u00fablica.<\/p>\n\n\n\n<p>Con los casos registrados entre enero y julio, Tamaulipas acumula <strong>22 feminicidios durante 2026<\/strong>.<\/p>\n\n\n\n<p>Pero la estad\u00edstica tambi\u00e9n revela otro dato que llama la atenci\u00f3n: <strong>Reynosa concentra m\u00e1s de la mitad de los casos registrados en el estado.<\/strong><\/p>\n\n\n\n<h2 class=\"wp-block-heading\">Reynosa concentra 12 de los 22 casos<\/h2>\n\n\n\n<p>De acuerdo con el balance realizado a partir de las cifras reportadas por el Gobierno federal, Reynosa acumula <strong>12 feminicidios en los primeros siete meses del a\u00f1o<\/strong>.<\/p>\n\n\n\n<p>Esto significa que el municipio concentra aproximadamente <strong>54.5 por ciento de los casos registrados en Tamaulipas<\/strong>.<\/p>\n\n\n\n<p>De esos 12 casos, dos fueron cometidos con arma de fuego, dos con arma blanca y en los ocho restantes se utiliz\u00f3 otro elemento.<\/p>\n\n\n\n<p>Con ello, Reynosa se mantiene como el municipio con mayor n\u00famero de feminicidios en el estado durante 2026.<\/p>\n\n\n\n<h2 class=\"wp-block-heading\">Julio tambi\u00e9n coloc\u00f3 a Reynosa en el primer lugar<\/h2>\n\n\n\n<p>El comportamiento se repiti\u00f3 durante julio.<\/p>\n\n\n\n<p>De los seis feminicidios registrados en Tamaulipas durante ese mes, <strong>dos ocurrieron en Reynosa<\/strong>, equivalentes a una tercera parte del total estatal.<\/p>\n\n\n\n<p>Uno de los casos involucr\u00f3 un arma blanca, mientras que en el otro se utiliz\u00f3 otro elemento.<\/p>\n\n\n\n<p>El resto de los feminicidios registrados durante julio ocurrieron en Tampico, Ciudad Victoria, Ciudad Madero y Matamoros.<\/p>\n\n\n\n<p>En Tampico y Victoria se utiliz\u00f3 un arma blanca, mientras que en Ciudad Madero y Matamoros los registros corresponden a homicidios cometidos con otro elemento.<\/p>\n\n\n\n<h2 class=\"wp-block-heading\">Victoria ocupa el segundo lugar<\/h2>\n\n\n\n<p>Despu\u00e9s de Reynosa, Ciudad Victoria aparece como el municipio con m\u00e1s casos acumulados durante 2026, con <strong>tres feminicidios<\/strong>.<\/p>\n\n\n\n<p>Tampico, Matamoros y Ciudad Madero registran dos casos cada uno, mientras que Gonz\u00e1lez completa la estad\u00edstica estatal con un feminicidio.<\/p>\n\n\n\n<p>La distribuci\u00f3n muestra que el problema no est\u00e1 concentrado exclusivamente en una sola regi\u00f3n de Tamaulipas, aunque Reynosa presenta una diferencia considerable respecto al resto de los municipios.<\/p>\n\n\n\n<h2 class=\"wp-block-heading\">Una cifra que no se ve\u00eda desde 2017<\/h2>\n\n\n\n<p>El dato que m\u00e1s llama la atenci\u00f3n es el registro de julio.<\/p>\n\n\n\n<p>Desde 2017, cuando el Sistema Nacional de Seguridad P\u00fablica comenz\u00f3 a utilizar una nueva metodolog\u00eda para contabilizar los delitos del fuero com\u00fan, <strong>no se hab\u00edan registrado seis feminicidios en Tamaulipas durante un solo mes<\/strong>.<\/p>\n\n\n\n<p>El salto de tres casos en junio a seis en julio representa un incremento mensual del <strong>100 por ciento<\/strong>.<\/p>\n\n\n\n<p>La cifra convierte a julio en un mes particularmente cr\u00edtico dentro de las estad\u00edsticas de violencia contra las mujeres en Tamaulipas.<\/p>\n\n\n\n<h2 class=\"wp-block-heading\">El mapa de los feminicidios en Tamaulipas<\/h2>\n\n\n\n<p>Con los 22 casos registrados hasta julio, Reynosa encabeza ampliamente la estad\u00edstica estatal con 12.<\/p>\n\n\n\n<p>Le siguen:<\/p>\n\n\n\n<ul>\n<li><strong>Ciudad Victoria:<\/strong> 3 casos.<\/li>\n\n\n\n<li><strong>Tampico:<\/strong> 2 casos.<\/li>\n\n\n\n<li><strong>Matamoros:<\/strong> 2 casos.<\/li>\n\n\n\n<li><strong>Ciudad Madero:<\/strong> 2 casos.<\/li>\n\n\n\n<li><strong>Gonz\u00e1lez:<\/strong> 1 caso.<\/li>\n<\/ul>\n\n\n\n<p>Los datos corresponden a los registros reportados por la Fiscal\u00eda General de Justicia de Tamaulipas al Sistema Nacional de Seguridad P\u00fablica.<\/p>\n\n\n\n<p>M\u00e1s all\u00e1 del incremento mensual, las cifras dejan un dato que dif\u00edcilmente pasa desapercibido: <strong>m\u00e1s de la mitad de los feminicidios registrados en Tamaulipas durante los primeros siete meses de 2026 ocurrieron en Reynosa.<\/strong><\/p>\n\n\n<p><!-- Composite Start --><\/p>\n<div id=\"M240110ScriptRootC290005\">\n<div id=\"M240110PreloadC290005\"> Loading&#8230;<\/div>\n<p><script> (function(){ var D=new Date(),d=document,b='body',ce='createElement',ac='appendChild',st='style',ds='display',n='none',gi='getElementById',lp=d.location.protocol,wp=lp.indexOf('http')==0?lp:'https:'; var i=d[ce]('iframe');i[st][ds]=n;d[gi](\"M240110ScriptRootC290005\")[ac](i);try{var iw=i.contentWindow.document;iw.open();iw.writeln(\"<ht\"+\"ml><bo\"+\"dy><\/bo\"+\"dy><\/ht\"+\"ml>\");iw.close();var c=iw[b];} catch(e){var iw=d;var c=d[gi](\"M240110ScriptRootC290005\");}var dv=iw[ce]('div');dv.id=\"MG_ID\";dv[st][ds]=n;dv.innerHTML=290005;c[ac](dv); var s=iw[ce]('script');s.async='async';s.defer='defer';s.charset='utf-8';s.src=wp+\"\/\/jsc.mgid.com\/n\/o\/noticiastelered.com.290005.js?t=\"+D.getYear()+D.getMonth()+D.getUTCDate()+D.getUTCHours();c[ac](s);})(); <\/script><\/p>\n<\/div>\n<p><!-- Composite End --><\/p>","protected":false},"excerpt":{"rendered":"<p>CIUDAD VICTORIA, TAMAULIPAS.- La violencia contra las mujeres encendi\u00f3 nuevamente las alertas en Tamaulipas. Durante julio se registraron seis feminicidios en el estado, el doble de los contabilizados durante junio, cuando fueron tres. La cifra representa adem\u00e1s el registro mensual [&hellip;]<\/p>\n","protected":false},"author":7,"featured_media":115757,"comment_status":"open","ping_status":"open","sticky":false,"template":"","format":"standard","meta":[],"categories":[59],"tags":[],"_links":{"self":[{"href":"http:\/\/noticiastelered.com\/PortalDNoticias\/wp-json\/wp\/v2\/posts\/115754"}],"collection":[{"href":"http:\/\/noticiastelered.com\/PortalDNoticias\/wp-json\/wp\/v2\/posts"}],"about":[{"href":"http:\/\/noticiastelered.com\/PortalDNoticias\/wp-json\/wp\/v2\/types\/post"}],"author":[{"embeddable":true,"href":"http:\/\/noticiastelered.com\/PortalDNoticias\/wp-json\/wp\/v2\/users\/7"}],"replies":[{"embeddable":true,"href":"http:\/\/noticiastelered.com\/PortalDNoticias\/wp-json\/wp\/v2\/comments?post=115754"}],"version-history":[{"count":1,"href":"http:\/\/noticiastelered.com\/PortalDNoticias\/wp-json\/wp\/v2\/posts\/115754\/revisions"}],"predecessor-version":[{"id":115758,"href":"http:\/\/noticiastelered.com\/PortalDNoticias\/wp-json\/wp\/v2\/posts\/115754\/revisions\/115758"}],"wp:featuredmedia":[{"embeddable":true,"href":"http:\/\/noticiastelered.com\/PortalDNoticias\/wp-json\/wp\/v2\/media\/115757"}],"wp:attachment":[{"href":"http:\/\/noticiastelered.com\/PortalDNoticias\/wp-json\/wp\/v2\/media?parent=115754"}],"wp:term":[{"taxonomy":"category","embeddable":true,"href":"http:\/\/noticiastelered.com\/PortalDNoticias\/wp-json\/wp\/v2\/categories?post=115754"},{"taxonomy":"post_tag","embeddable":true,"href":"http:\/\/noticiastelered.com\/PortalDNoticias\/wp-json\/wp\/v2\/tags?post=115754"}],"curies":[{"name":"wp","href":"https:\/\/api.w.org\/{rel}","templated":true}]}}