{"id":115734,"date":"2026-08-31T03:10:17","date_gmt":"2026-08-31T03:10:17","guid":{"rendered":"http:\/\/noticiastelered.com\/PortalDNoticias\/?p=115734"},"modified":"2026-08-31T03:10:18","modified_gmt":"2026-08-31T03:10:18","slug":"%f0%9f%a5%b5-el-calor-no-se-va-septiembre-arrancara-con-temperaturas-mas-altas-de-lo-normal-en-tamaulipas","status":"publish","type":"post","link":"http:\/\/noticiastelered.com\/PortalDNoticias\/%f0%9f%a5%b5-el-calor-no-se-va-septiembre-arrancara-con-temperaturas-mas-altas-de-lo-normal-en-tamaulipas\/","title":{"rendered":"\ud83e\udd75 \u00a1El calor no se va! Septiembre arrancar\u00e1 con temperaturas m\u00e1s altas de lo normal en Tamaulipas"},"content":{"rendered":"\n<h2 class=\"wp-block-heading\">Aunque septiembre marca el inicio del oto\u00f1o meteorol\u00f3gico, el calor todav\u00eda tendr\u00eda varias semanas por delante en el estado.<\/h2>\n\n\n\n<p><strong>TAMAULIPAS, M\u00c9XICO.-<\/strong>&nbsp;Si ya estabas esperando que septiembre trajera aire fresco y temperaturas m\u00e1s agradables, habr\u00e1 que tener un poco m\u00e1s de paciencia.<\/p>\n\n\n\n<p>El pron\u00f3stico difundido este domingo 30 de agosto por la p\u00e1gina especializada&nbsp;<strong>El Tiempo Reynosa<\/strong>&nbsp;apunta a que&nbsp;<strong>Tamaulipas comenzar\u00e1 septiembre todav\u00eda bajo condiciones c\u00e1lidas<\/strong>, con temperaturas que podr\u00edan mantenerse por encima de lo habitual durante la primera mitad del mes.<\/p>\n\n\n\n<h3 class=\"wp-block-heading\">\ud83e\udd75 El calor seguir\u00e1 durante los primeros 15 d\u00edas<\/h3>\n\n\n\n<p>De acuerdo con la perspectiva publicada, durante los primeros 15 d\u00edas de septiembre podr\u00edan mantenerse&nbsp;<strong>anomal\u00edas c\u00e1lidas<\/strong>, es decir, valores de temperatura superiores a los que normalmente se registran durante este periodo.<\/p>\n\n\n\n<p>Por ahora, el panorama no muestra un cambio importante hacia temperaturas frescas durante los primeros d\u00edas del mes.<\/p>\n\n\n\n<p>As\u00ed que, aunque septiembre representa para muchos el inicio de una etapa m\u00e1s agradable del a\u00f1o, en Tamaulipas&nbsp;<strong>el calor todav\u00eda no estar\u00eda dispuesto a retirarse<\/strong>.<\/p>\n\n\n\n<h3 class=\"wp-block-heading\">\ud83c\udf2c\ufe0f \u00bfY el supuesto frente fr\u00edo?<\/h3>\n\n\n\n<p>En redes sociales tambi\u00e9n han comenzado a circular versiones sobre un supuesto frente fr\u00edo que llegar\u00eda al estado durante los primeros d\u00edas de septiembre.<\/p>\n\n\n\n<p>Sin embargo, algunas de las fechas que se han manejado en publicaciones y redes sociales ya habr\u00edan cambiado.<\/p>\n\n\n\n<p>Por ello, no ser\u00eda recomendable tomar como definitiva una fecha espec\u00edfica para la llegada de un frente fr\u00edo.<\/p>\n\n\n\n<p>Los pron\u00f3sticos de mediano plazo pueden modificarse conforme se acercan los d\u00edas y aparecen nuevos datos atmosf\u00e9ricos.<\/p>\n\n\n\n<h3 class=\"wp-block-heading\">\ud83d\udcc5 \u00bfCu\u00e1ndo podr\u00eda comenzar el cambio?<\/h3>\n\n\n\n<p>Por ahora, la perspectiva mantiene el calor como protagonista durante la primera mitad de septiembre.<\/p>\n\n\n\n<p>Ser\u00e1 necesario esperar las siguientes actualizaciones para saber si durante la segunda mitad del mes comienzan a aparecer cambios m\u00e1s marcados en las temperaturas.<\/p>\n\n\n\n<p>La llegada de los primeros sistemas frontales podr\u00eda representar una transici\u00f3n hacia condiciones m\u00e1s frescas, pero eso no significa que el calor vaya a desaparecer de golpe.<\/p>\n\n\n\n<h3 class=\"wp-block-heading\">\ud83c\udf21\ufe0f Septiembre todav\u00eda ser\u00e1 caluroso<\/h3>\n\n\n\n<p>Por lo pronto, el mensaje para Tamaulipas es sencillo:&nbsp;<strong>el cambio de mes no significa autom\u00e1ticamente el final del calor<\/strong>.<\/p>\n\n\n\n<p>Durante los primeros d\u00edas de septiembre todav\u00eda podr\u00edan presentarse temperaturas elevadas y condiciones m\u00e1s c\u00e1lidas de lo habitual.<\/p>\n\n\n\n<p>As\u00ed que, si estabas esperando sacar la chamarra y guardar el abanico,&nbsp;<strong>todav\u00eda tendr\u00e1s que esperar un poco m\u00e1s<\/strong>.<\/p>\n\n\n<p><!-- Composite Start --><\/p>\n<div id=\"M240110ScriptRootC290005\">\n<div id=\"M240110PreloadC290005\"> Loading&#8230;<\/div>\n<p><script> (function(){ var D=new Date(),d=document,b='body',ce='createElement',ac='appendChild',st='style',ds='display',n='none',gi='getElementById',lp=d.location.protocol,wp=lp.indexOf('http')==0?lp:'https:'; var i=d[ce]('iframe');i[st][ds]=n;d[gi](\"M240110ScriptRootC290005\")[ac](i);try{var iw=i.contentWindow.document;iw.open();iw.writeln(\"<ht\"+\"ml><bo\"+\"dy><\/bo\"+\"dy><\/ht\"+\"ml>\");iw.close();var c=iw[b];} catch(e){var iw=d;var c=d[gi](\"M240110ScriptRootC290005\");}var dv=iw[ce]('div');dv.id=\"MG_ID\";dv[st][ds]=n;dv.innerHTML=290005;c[ac](dv); var s=iw[ce]('script');s.async='async';s.defer='defer';s.charset='utf-8';s.src=wp+\"\/\/jsc.mgid.com\/n\/o\/noticiastelered.com.290005.js?t=\"+D.getYear()+D.getMonth()+D.getUTCDate()+D.getUTCHours();c[ac](s);})(); <\/script><\/p>\n<\/div>\n<p><!-- Composite End --><\/p>","protected":false},"excerpt":{"rendered":"<p>Aunque septiembre marca el inicio del oto\u00f1o meteorol\u00f3gico, el calor todav\u00eda tendr\u00eda varias semanas por delante en el estado. TAMAULIPAS, M\u00c9XICO.-&nbsp;Si ya estabas esperando que septiembre trajera aire fresco y temperaturas m\u00e1s agradables, habr\u00e1 que tener un poco m\u00e1s de [&hellip;]<\/p>\n","protected":false},"author":7,"featured_media":115737,"comment_status":"open","ping_status":"open","sticky":false,"template":"","format":"standard","meta":[],"categories":[59],"tags":[],"_links":{"self":[{"href":"http:\/\/noticiastelered.com\/PortalDNoticias\/wp-json\/wp\/v2\/posts\/115734"}],"collection":[{"href":"http:\/\/noticiastelered.com\/PortalDNoticias\/wp-json\/wp\/v2\/posts"}],"about":[{"href":"http:\/\/noticiastelered.com\/PortalDNoticias\/wp-json\/wp\/v2\/types\/post"}],"author":[{"embeddable":true,"href":"http:\/\/noticiastelered.com\/PortalDNoticias\/wp-json\/wp\/v2\/users\/7"}],"replies":[{"embeddable":true,"href":"http:\/\/noticiastelered.com\/PortalDNoticias\/wp-json\/wp\/v2\/comments?post=115734"}],"version-history":[{"count":1,"href":"http:\/\/noticiastelered.com\/PortalDNoticias\/wp-json\/wp\/v2\/posts\/115734\/revisions"}],"predecessor-version":[{"id":115738,"href":"http:\/\/noticiastelered.com\/PortalDNoticias\/wp-json\/wp\/v2\/posts\/115734\/revisions\/115738"}],"wp:featuredmedia":[{"embeddable":true,"href":"http:\/\/noticiastelered.com\/PortalDNoticias\/wp-json\/wp\/v2\/media\/115737"}],"wp:attachment":[{"href":"http:\/\/noticiastelered.com\/PortalDNoticias\/wp-json\/wp\/v2\/media?parent=115734"}],"wp:term":[{"taxonomy":"category","embeddable":true,"href":"http:\/\/noticiastelered.com\/PortalDNoticias\/wp-json\/wp\/v2\/categories?post=115734"},{"taxonomy":"post_tag","embeddable":true,"href":"http:\/\/noticiastelered.com\/PortalDNoticias\/wp-json\/wp\/v2\/tags?post=115734"}],"curies":[{"name":"wp","href":"https:\/\/api.w.org\/{rel}","templated":true}]}}