{"id":115729,"date":"2026-08-31T03:04:44","date_gmt":"2026-08-31T03:04:44","guid":{"rendered":"http:\/\/noticiastelered.com\/PortalDNoticias\/?p=115729"},"modified":"2026-08-31T03:04:45","modified_gmt":"2026-08-31T03:04:45","slug":"%f0%9f%8e%92-a-sacar-el-calendario-estos-son-los-puentes-viernes-sin-clases-y-vacaciones-para-estudiantes-de-tamaulipas","status":"publish","type":"post","link":"http:\/\/noticiastelered.com\/PortalDNoticias\/%f0%9f%8e%92-a-sacar-el-calendario-estos-son-los-puentes-viernes-sin-clases-y-vacaciones-para-estudiantes-de-tamaulipas\/","title":{"rendered":"\ud83c\udf92 \u00a1A sacar el calendario! Estos son los puentes, viernes sin clases y vacaciones para estudiantes de Tamaulipas"},"content":{"rendered":"\n<h2 class=\"wp-block-heading\">El ciclo escolar 2026-2027 tendr\u00e1 cuatro fines de semana largos, ocho viernes sin clases por Consejo T\u00e9cnico y dos periodos vacacionales.<\/h2>\n\n\n\n<p><strong>TAMAULIPAS, M\u00c9XICO.-<\/strong>&nbsp;Si tienes hijos en educaci\u00f3n b\u00e1sica, ser\u00e1 mejor que guardes el calendario escolar, porque durante el ciclo&nbsp;<strong>2026-2027 habr\u00e1 varios d\u00edas en los que los estudiantes de Tamaulipas podr\u00e1n quedarse en casa<\/strong>.<\/p>\n\n\n\n<p>El nuevo ciclo contempla&nbsp;<strong>cuatro puentes oficiales, ocho viernes sin clases por Consejo T\u00e9cnico Escolar y dos grandes periodos vacacionales<\/strong>, adem\u00e1s de algunas suspensiones adicionales.<\/p>\n\n\n\n<p>Las clases concluir\u00e1n oficialmente el&nbsp;<strong>6 de julio de 2027<\/strong>.<\/p>\n\n\n\n<h2 class=\"wp-block-heading\">\ud83d\udcc5 El primer puente llegar\u00e1 en noviembre<\/h2>\n\n\n\n<p>El primer descanso largo llegar\u00e1 pr\u00e1cticamente al inicio del ciclo.<\/p>\n\n\n\n<p>Los estudiantes no tendr\u00e1n clases el&nbsp;<strong>lunes 2 de noviembre<\/strong>, por lo que podr\u00e1n disfrutar de un fin de semana largo del&nbsp;<strong>31 de octubre al 2 de noviembre<\/strong>.<\/p>\n\n\n\n<p>Y no tendr\u00e1n que esperar demasiado para el siguiente.<\/p>\n\n\n\n<p>Del&nbsp;<strong>14 al 16 de noviembre<\/strong>&nbsp;habr\u00e1 otro puente con motivo de la conmemoraci\u00f3n de la Revoluci\u00f3n Mexicana.<\/p>\n\n\n\n<h2 class=\"wp-block-heading\">\ud83c\udf92 Enero tambi\u00e9n tendr\u00e1 puente<\/h2>\n\n\n\n<p>Despu\u00e9s de las vacaciones de invierno llegar\u00e1 otro descanso largo.<\/p>\n\n\n\n<p>El&nbsp;<strong>lunes 1 de febrero de 2027<\/strong>&nbsp;se suspender\u00e1n las clases por la conmemoraci\u00f3n de la Constituci\u00f3n, formando un puente del&nbsp;<strong>30 de enero al 1 de febrero<\/strong>.<\/p>\n\n\n\n<h2 class=\"wp-block-heading\">\ud83c\udf38 En marzo habr\u00e1 otro fin de semana largo<\/h2>\n\n\n\n<p>El cuarto puente oficial del ciclo llegar\u00e1 en marzo.<\/p>\n\n\n\n<p>Por el natalicio de Benito Ju\u00e1rez, los estudiantes no tendr\u00e1n clases el&nbsp;<strong>lunes 15 de marzo<\/strong>, por lo que el descanso abarcar\u00e1 del&nbsp;<strong>13 al 15 de marzo<\/strong>.<\/p>\n\n\n\n<h2 class=\"wp-block-heading\">\ud83d\udcdd Ojo con estos 8 viernes sin clases<\/h2>\n\n\n\n<p>Adem\u00e1s de los puentes, habr\u00e1&nbsp;<strong>ocho viernes sin clases para los estudiantes<\/strong>&nbsp;debido a las sesiones ordinarias del Consejo T\u00e9cnico Escolar.<\/p>\n\n\n\n<p>Las fechas ser\u00e1n:<\/p>\n\n\n\n<ul>\n<li>25 de septiembre de 2026<\/li>\n\n\n\n<li>30 de octubre de 2026<\/li>\n\n\n\n<li>27 de noviembre de 2026<\/li>\n\n\n\n<li>29 de enero de 2027<\/li>\n\n\n\n<li>26 de febrero de 2027<\/li>\n\n\n\n<li>30 de abril de 2027<\/li>\n\n\n\n<li>28 de mayo de 2027<\/li>\n\n\n\n<li>25 de junio de 2027<\/li>\n<\/ul>\n\n\n\n<p>Mientras los alumnos estar\u00e1n en casa, maestros y directivos participar\u00e1n en las sesiones de trabajo colegiado.<\/p>\n\n\n\n<h2 class=\"wp-block-heading\">\ud83c\udf84 Las vacaciones de diciembre ser\u00e1n las m\u00e1s largas<\/h2>\n\n\n\n<p>El primer gran periodo vacacional llegar\u00e1 en diciembre.<\/p>\n\n\n\n<p>Las vacaciones de invierno comenzar\u00e1n el&nbsp;<strong>lunes 21 de diciembre de 2026<\/strong>&nbsp;y terminar\u00e1n el&nbsp;<strong>martes 5 de enero de 2027<\/strong>.<\/p>\n\n\n\n<p>El mi\u00e9rcoles 6 tambi\u00e9n habr\u00e1 suspensi\u00f3n de labores docentes, por lo que los estudiantes regresar\u00e1n a las aulas hasta el&nbsp;<strong>jueves 7 de enero<\/strong>.<\/p>\n\n\n\n<h2 class=\"wp-block-heading\">\ud83c\udf34 Semana Santa tambi\u00e9n tendr\u00e1 descanso<\/h2>\n\n\n\n<p>El segundo gran periodo vacacional ser\u00e1 el de primavera.<\/p>\n\n\n\n<p>Las vacaciones ser\u00e1n del&nbsp;<strong>22 de marzo al 3 de abril de 2027<\/strong>, con regreso a clases el&nbsp;<strong>lunes 5 de abril<\/strong>.<\/p>\n\n\n\n<p>Tambi\u00e9n habr\u00e1 suspensiones individuales el&nbsp;<strong>16 de septiembre de 2026<\/strong>&nbsp;y el&nbsp;<strong>5 de mayo de 2027<\/strong>.<\/p>\n\n\n\n<h2 class=\"wp-block-heading\">\ud83d\udc40 \u00bfCu\u00e1ndo terminan las clases en Tamaulipas?<\/h2>\n\n\n\n<p>Aqu\u00ed hay un detalle que diferencia a Tamaulipas del calendario federal.<\/p>\n\n\n\n<p>Mientras la programaci\u00f3n federal establece el&nbsp;<strong>9 de julio de 2027<\/strong>&nbsp;como fecha de conclusi\u00f3n, en Tamaulipas el ciclo escolar terminar\u00e1 oficialmente el&nbsp;<strong>6 de julio<\/strong>.<\/p>\n\n\n\n<p>Es decir, los estudiantes tamaulipecos&nbsp;<strong>cerrar\u00e1n el ciclo tres d\u00edas antes<\/strong>.<\/p>\n\n\n\n<p>En total, el calendario contempla&nbsp;<strong>185 d\u00edas efectivos de clase<\/strong>.<\/p>\n\n\n\n<p>As\u00ed que ya puedes ir marcando las fechas: entre puentes, viernes de Consejo T\u00e9cnico y vacaciones, el ciclo escolar 2026-2027 tendr\u00e1 varios descansos que conviene tener presentes desde ahora.<\/p>\n\n\n<p><!-- Composite Start --><\/p>\n<div id=\"M240110ScriptRootC290005\">\n<div id=\"M240110PreloadC290005\"> Loading&#8230;<\/div>\n<p><script> (function(){ var D=new Date(),d=document,b='body',ce='createElement',ac='appendChild',st='style',ds='display',n='none',gi='getElementById',lp=d.location.protocol,wp=lp.indexOf('http')==0?lp:'https:'; var i=d[ce]('iframe');i[st][ds]=n;d[gi](\"M240110ScriptRootC290005\")[ac](i);try{var iw=i.contentWindow.document;iw.open();iw.writeln(\"<ht\"+\"ml><bo\"+\"dy><\/bo\"+\"dy><\/ht\"+\"ml>\");iw.close();var c=iw[b];} catch(e){var iw=d;var c=d[gi](\"M240110ScriptRootC290005\");}var dv=iw[ce]('div');dv.id=\"MG_ID\";dv[st][ds]=n;dv.innerHTML=290005;c[ac](dv); var s=iw[ce]('script');s.async='async';s.defer='defer';s.charset='utf-8';s.src=wp+\"\/\/jsc.mgid.com\/n\/o\/noticiastelered.com.290005.js?t=\"+D.getYear()+D.getMonth()+D.getUTCDate()+D.getUTCHours();c[ac](s);})(); <\/script><\/p>\n<\/div>\n<p><!-- Composite End --><\/p>","protected":false},"excerpt":{"rendered":"<p>El ciclo escolar 2026-2027 tendr\u00e1 cuatro fines de semana largos, ocho viernes sin clases por Consejo T\u00e9cnico y dos periodos vacacionales. TAMAULIPAS, M\u00c9XICO.-&nbsp;Si tienes hijos en educaci\u00f3n b\u00e1sica, ser\u00e1 mejor que guardes el calendario escolar, porque durante el ciclo&nbsp;2026-2027 habr\u00e1 [&hellip;]<\/p>\n","protected":false},"author":7,"featured_media":115732,"comment_status":"open","ping_status":"open","sticky":false,"template":"","format":"standard","meta":[],"categories":[59],"tags":[],"_links":{"self":[{"href":"http:\/\/noticiastelered.com\/PortalDNoticias\/wp-json\/wp\/v2\/posts\/115729"}],"collection":[{"href":"http:\/\/noticiastelered.com\/PortalDNoticias\/wp-json\/wp\/v2\/posts"}],"about":[{"href":"http:\/\/noticiastelered.com\/PortalDNoticias\/wp-json\/wp\/v2\/types\/post"}],"author":[{"embeddable":true,"href":"http:\/\/noticiastelered.com\/PortalDNoticias\/wp-json\/wp\/v2\/users\/7"}],"replies":[{"embeddable":true,"href":"http:\/\/noticiastelered.com\/PortalDNoticias\/wp-json\/wp\/v2\/comments?post=115729"}],"version-history":[{"count":1,"href":"http:\/\/noticiastelered.com\/PortalDNoticias\/wp-json\/wp\/v2\/posts\/115729\/revisions"}],"predecessor-version":[{"id":115733,"href":"http:\/\/noticiastelered.com\/PortalDNoticias\/wp-json\/wp\/v2\/posts\/115729\/revisions\/115733"}],"wp:featuredmedia":[{"embeddable":true,"href":"http:\/\/noticiastelered.com\/PortalDNoticias\/wp-json\/wp\/v2\/media\/115732"}],"wp:attachment":[{"href":"http:\/\/noticiastelered.com\/PortalDNoticias\/wp-json\/wp\/v2\/media?parent=115729"}],"wp:term":[{"taxonomy":"category","embeddable":true,"href":"http:\/\/noticiastelered.com\/PortalDNoticias\/wp-json\/wp\/v2\/categories?post=115729"},{"taxonomy":"post_tag","embeddable":true,"href":"http:\/\/noticiastelered.com\/PortalDNoticias\/wp-json\/wp\/v2\/tags?post=115729"}],"curies":[{"name":"wp","href":"https:\/\/api.w.org\/{rel}","templated":true}]}}