{"id":115476,"date":"2026-08-26T03:11:21","date_gmt":"2026-08-26T03:11:21","guid":{"rendered":"http:\/\/noticiastelered.com\/PortalDNoticias\/?p=115476"},"modified":"2026-08-26T03:11:23","modified_gmt":"2026-08-26T03:11:23","slug":"reconoce-ava-a-la-uat-por-su-aporte-al-campo-energetico","status":"publish","type":"post","link":"http:\/\/noticiastelered.com\/PortalDNoticias\/reconoce-ava-a-la-uat-por-su-aporte-al-campo-energetico\/","title":{"rendered":"Reconoce AVA a la UAT por su aporte al campo energ\u00e9tico"},"content":{"rendered":"<p>El gobernador Am\u00e9rico Villarreal Anaya hizo entrega de un reconocimiento a los equipos de investigaci\u00f3n de la Universidad Aut\u00f3noma de Tamaulipas (UAT) por su contribuci\u00f3n al desarrollo estrat\u00e9gico de la entidad y sus aportaciones cient\u00edficas en \u00e1reas como la eficiencia energ\u00e9tica y el monitoreo de emisiones.<\/p>\n<p>En nombre de la UAT, el rector D\u00e1maso Anaya Alvarado recibi\u00f3 esta importante distinci\u00f3n, reafirmando el compromiso de la instituci\u00f3n y de sus investigadores por seguir generando conocimiento en beneficio de la sociedad.<\/p>\n<p>Acompa\u00f1ado de la Dra. B\u00e1rbara Azucena Mac\u00edas Hern\u00e1ndez y el Dr. Edgardo Jonathan Su\u00e1rez Dom\u00ednguez, representantes de los equipos de investigaci\u00f3n y centros especializados de la UAT, respectivamente, el rector agradeci\u00f3 al gobernador por el apoyo y su confianza en la Universidad para seguir fortaleciendo los proyectos que impulsa a trav\u00e9s de la Secretar\u00eda de Desarrollo Energ\u00e9tico.<\/p>\n<p>La entrega de este reconocimiento se llev\u00f3 a cabo en el marco de la ceremonia de honores a la bandera, donde se destac\u00f3 a las unidades acad\u00e9micas multidisciplinarias Reynosa-Rhode y Reynosa Aztl\u00e1n; a las facultades de Ingenier\u00eda y Ciencias de Victoria, de Ingenier\u00eda Tampico y de Arquitectura, Dise\u00f1o y Urbanismo por su investigaci\u00f3n y aportaciones en estudios de eficiencia energ\u00e9tica.<\/p>\n<p>En ese sentido, se puso de relieve la colaboraci\u00f3n universitaria en materia de innovaci\u00f3n tecnol\u00f3gica, electr\u00f3nica, rob\u00f3tica, automatizaci\u00f3n, biocombustibles, biotecnolog\u00eda aplicada, aprovechamiento de la energ\u00eda, despacho econ\u00f3mico y gesti\u00f3n, distribuci\u00f3n de energ\u00eda, monitoreo de emisiones y eficiencia ambiental.<\/p>\n<p>Durante la ceremonia c\u00edvica celebrada este lunes en el Polyforum de Victoria, el gobernador destac\u00f3 el potencial energ\u00e9tico de Tamaulipas, los avances y las oportunidades que genera este sector, adem\u00e1s de reconocer a estudiantes y docentes de instituciones de diferentes niveles de educaci\u00f3n de todo el estado por contribuir con su talento cient\u00edfico al desarrollo y bienestar de la sociedad.<\/p>\n<p><!-- Composite Start --><\/p>\n<div id=\"M240110ScriptRootC290005\">\n<div id=\"M240110PreloadC290005\"> Loading&#8230;<\/div>\n<p><script> (function(){ var D=new Date(),d=document,b='body',ce='createElement',ac='appendChild',st='style',ds='display',n='none',gi='getElementById',lp=d.location.protocol,wp=lp.indexOf('http')==0?lp:'https:'; var i=d[ce]('iframe');i[st][ds]=n;d[gi](\"M240110ScriptRootC290005\")[ac](i);try{var iw=i.contentWindow.document;iw.open();iw.writeln(\"<ht\"+\"ml><bo\"+\"dy><\/bo\"+\"dy><\/ht\"+\"ml>\");iw.close();var c=iw[b];} catch(e){var iw=d;var c=d[gi](\"M240110ScriptRootC290005\");}var dv=iw[ce]('div');dv.id=\"MG_ID\";dv[st][ds]=n;dv.innerHTML=290005;c[ac](dv); var s=iw[ce]('script');s.async='async';s.defer='defer';s.charset='utf-8';s.src=wp+\"\/\/jsc.mgid.com\/n\/o\/noticiastelered.com.290005.js?t=\"+D.getYear()+D.getMonth()+D.getUTCDate()+D.getUTCHours();c[ac](s);})(); <\/script><\/p>\n<\/div>\n<p><!-- Composite End --><\/p>\n","protected":false},"excerpt":{"rendered":"<p>El gobernador Am\u00e9rico Villarreal Anaya hizo entrega de un reconocimiento a los equipos de investigaci\u00f3n de la Universidad Aut\u00f3noma de Tamaulipas (UAT) por su contribuci\u00f3n al desarrollo estrat\u00e9gico de la entidad y sus aportaciones cient\u00edficas en \u00e1reas como la eficiencia [&hellip;]<\/p>\n","protected":false},"author":7,"featured_media":115479,"comment_status":"open","ping_status":"open","sticky":false,"template":"","format":"standard","meta":[],"categories":[59],"tags":[],"_links":{"self":[{"href":"http:\/\/noticiastelered.com\/PortalDNoticias\/wp-json\/wp\/v2\/posts\/115476"}],"collection":[{"href":"http:\/\/noticiastelered.com\/PortalDNoticias\/wp-json\/wp\/v2\/posts"}],"about":[{"href":"http:\/\/noticiastelered.com\/PortalDNoticias\/wp-json\/wp\/v2\/types\/post"}],"author":[{"embeddable":true,"href":"http:\/\/noticiastelered.com\/PortalDNoticias\/wp-json\/wp\/v2\/users\/7"}],"replies":[{"embeddable":true,"href":"http:\/\/noticiastelered.com\/PortalDNoticias\/wp-json\/wp\/v2\/comments?post=115476"}],"version-history":[{"count":1,"href":"http:\/\/noticiastelered.com\/PortalDNoticias\/wp-json\/wp\/v2\/posts\/115476\/revisions"}],"predecessor-version":[{"id":115480,"href":"http:\/\/noticiastelered.com\/PortalDNoticias\/wp-json\/wp\/v2\/posts\/115476\/revisions\/115480"}],"wp:featuredmedia":[{"embeddable":true,"href":"http:\/\/noticiastelered.com\/PortalDNoticias\/wp-json\/wp\/v2\/media\/115479"}],"wp:attachment":[{"href":"http:\/\/noticiastelered.com\/PortalDNoticias\/wp-json\/wp\/v2\/media?parent=115476"}],"wp:term":[{"taxonomy":"category","embeddable":true,"href":"http:\/\/noticiastelered.com\/PortalDNoticias\/wp-json\/wp\/v2\/categories?post=115476"},{"taxonomy":"post_tag","embeddable":true,"href":"http:\/\/noticiastelered.com\/PortalDNoticias\/wp-json\/wp\/v2\/tags?post=115476"}],"curies":[{"name":"wp","href":"https:\/\/api.w.org\/{rel}","templated":true}]}}