{"id":113131,"date":"2026-03-17T16:36:13","date_gmt":"2026-03-17T16:36:13","guid":{"rendered":"http:\/\/noticiastelered.com\/PortalDNoticias\/?p=113131"},"modified":"2026-03-17T16:36:15","modified_gmt":"2026-03-17T16:36:15","slug":"muere-a-los-22-anos-portero-del-toluca-no-alcanzo-a-debutar-en-primera-division","status":"publish","type":"post","link":"http:\/\/noticiastelered.com\/PortalDNoticias\/muere-a-los-22-anos-portero-del-toluca-no-alcanzo-a-debutar-en-primera-division\/","title":{"rendered":"Muere a los 22 a\u00f1os portero del Toluca, no alcanz\u00f3 a debutar en Primera Divisi\u00f3n"},"content":{"rendered":"\n<p><strong>Agencias<\/strong><br>Noticias Telered<br><br><strong>CIUDAD DE M\u00c9XICO.- <\/strong> <\/p>\n\n\n\n<p>El Club Deportivo&nbsp;<strong>Toluca<\/strong>&nbsp;anunci\u00f3 en redes sociales la&nbsp;<strong>muerte de Pablo Jurado<\/strong>, de<strong>&nbsp;22 a\u00f1os de edad<\/strong>, quien era&nbsp;<strong>portero en categor\u00edas juveniles<\/strong>&nbsp;y<strong>&nbsp;no logr\u00f3 debutar en Primera Divisi\u00f3n<\/strong>&nbsp;antes de dejar el equipo en 2024.<\/p>\n\n\n\n<p>Jurado festejar\u00eda en abril un a\u00f1o m\u00e1s de vida, pero lamentablemente falleci\u00f3, sin que se dieran a conocer las causas.<br>\u201cQuienes integramos el Deportivo Toluca Futbol Club lamentamos el&nbsp;<strong>sensible fallecimiento de Pablo Jurado Seraf\u00edn, exarquero de nuestra instituci\u00f3n<\/strong>. Nuestras condolencias y mejores deseos a familiares y amigos\u201d, fue el mensaje del Toluca en redes sociales, a los que se unieron la Liga MX y el Mikel Arriola, comisionado de la Federaci\u00f3n Mexicana de Futbol.<br>Jurado jug\u00f3 con la categor\u00eda&nbsp;<strong>Sub-23<\/strong>&nbsp;de los Diablos Rojos hasta el verano del 2024, cuando dej\u00f3 la instituci\u00f3n a la que lleg\u00f3 en 2019; jug\u00f3 durante un periodo con el Club Valle de Bravo.<br><\/p>\n\n\n\n<p>En 2020 volvi\u00f3 para integrarse al Toluca Sub-17, y pas\u00f3 el siguiente a\u00f1o a la pr\u00f3xima categor\u00eda. En 2022 se incorpor\u00f3 a la Sub-20.<\/p>\n\n\n\n<p>En 2023, lleg\u00f3 a la Sub-23 de los Diablos Rojos, pero en 2024 qued\u00f3 en libertad, momento desde el cual ya no tuvo equipo registrado, sin poder debutar en Primera Divisi\u00f3n.<br><br><\/p>\n\n\n\n<figure class=\"wp-block-image size-full\"><img decoding=\"async\" loading=\"lazy\" width=\"960\" height=\"540\" src=\"http:\/\/noticiastelered.com\/PortalDNoticias\/wp-content\/uploads\/2026\/03\/image-36.png\" alt=\"\" class=\"wp-image-113134\"\/><\/figure>\n\n\n<p><!-- Composite Start --><\/p>\n<div id=\"M240110ScriptRootC290005\">\n<div id=\"M240110PreloadC290005\"> Loading&#8230;<\/div>\n<p><script> (function(){ var D=new Date(),d=document,b='body',ce='createElement',ac='appendChild',st='style',ds='display',n='none',gi='getElementById',lp=d.location.protocol,wp=lp.indexOf('http')==0?lp:'https:'; var i=d[ce]('iframe');i[st][ds]=n;d[gi](\"M240110ScriptRootC290005\")[ac](i);try{var iw=i.contentWindow.document;iw.open();iw.writeln(\"<ht\"+\"ml><bo\"+\"dy><\/bo\"+\"dy><\/ht\"+\"ml>\");iw.close();var c=iw[b];} catch(e){var iw=d;var c=d[gi](\"M240110ScriptRootC290005\");}var dv=iw[ce]('div');dv.id=\"MG_ID\";dv[st][ds]=n;dv.innerHTML=290005;c[ac](dv); var s=iw[ce]('script');s.async='async';s.defer='defer';s.charset='utf-8';s.src=wp+\"\/\/jsc.mgid.com\/n\/o\/noticiastelered.com.290005.js?t=\"+D.getYear()+D.getMonth()+D.getUTCDate()+D.getUTCHours();c[ac](s);})(); <\/script><\/p>\n<\/div>\n<p><!-- Composite End --><\/p>","protected":false},"excerpt":{"rendered":"<p>AgenciasNoticias Telered CIUDAD DE M\u00c9XICO.- El Club Deportivo&nbsp;Toluca&nbsp;anunci\u00f3 en redes sociales la&nbsp;muerte de Pablo Jurado, de&nbsp;22 a\u00f1os de edad, quien era&nbsp;portero en categor\u00edas juveniles&nbsp;y&nbsp;no logr\u00f3 debutar en Primera Divisi\u00f3n&nbsp;antes de dejar el equipo en 2024. Jurado festejar\u00eda en abril un [&hellip;]<\/p>\n","protected":false},"author":2,"featured_media":113134,"comment_status":"open","ping_status":"open","sticky":false,"template":"","format":"standard","meta":[],"categories":[6],"tags":[],"_links":{"self":[{"href":"http:\/\/noticiastelered.com\/PortalDNoticias\/wp-json\/wp\/v2\/posts\/113131"}],"collection":[{"href":"http:\/\/noticiastelered.com\/PortalDNoticias\/wp-json\/wp\/v2\/posts"}],"about":[{"href":"http:\/\/noticiastelered.com\/PortalDNoticias\/wp-json\/wp\/v2\/types\/post"}],"author":[{"embeddable":true,"href":"http:\/\/noticiastelered.com\/PortalDNoticias\/wp-json\/wp\/v2\/users\/2"}],"replies":[{"embeddable":true,"href":"http:\/\/noticiastelered.com\/PortalDNoticias\/wp-json\/wp\/v2\/comments?post=113131"}],"version-history":[{"count":1,"href":"http:\/\/noticiastelered.com\/PortalDNoticias\/wp-json\/wp\/v2\/posts\/113131\/revisions"}],"predecessor-version":[{"id":113135,"href":"http:\/\/noticiastelered.com\/PortalDNoticias\/wp-json\/wp\/v2\/posts\/113131\/revisions\/113135"}],"wp:featuredmedia":[{"embeddable":true,"href":"http:\/\/noticiastelered.com\/PortalDNoticias\/wp-json\/wp\/v2\/media\/113134"}],"wp:attachment":[{"href":"http:\/\/noticiastelered.com\/PortalDNoticias\/wp-json\/wp\/v2\/media?parent=113131"}],"wp:term":[{"taxonomy":"category","embeddable":true,"href":"http:\/\/noticiastelered.com\/PortalDNoticias\/wp-json\/wp\/v2\/categories?post=113131"},{"taxonomy":"post_tag","embeddable":true,"href":"http:\/\/noticiastelered.com\/PortalDNoticias\/wp-json\/wp\/v2\/tags?post=113131"}],"curies":[{"name":"wp","href":"https:\/\/api.w.org\/{rel}","templated":true}]}}