{"id":113077,"date":"2026-01-12T19:37:00","date_gmt":"2026-01-12T19:37:00","guid":{"rendered":"http:\/\/noticiastelered.com\/PortalDNoticias\/?p=113077"},"modified":"2026-03-11T19:39:10","modified_gmt":"2026-03-11T19:39:10","slug":"iniciara-uat-ciclo-escolar-con-mejor-infraestructura-y-equipamiento","status":"publish","type":"post","link":"http:\/\/noticiastelered.com\/PortalDNoticias\/iniciara-uat-ciclo-escolar-con-mejor-infraestructura-y-equipamiento\/","title":{"rendered":"Iniciar\u00e1 UAT ciclo escolar con mejor infraestructura y equipamiento"},"content":{"rendered":"\n<h3 class=\"wp-block-heading\"><strong>&#8220;<\/strong>&nbsp;En un contexto de crecimiento sostenido, el rector D\u00e1maso Anaya Alvarado destac\u00f3 que la Universidad Aut\u00f3noma de Tamaulipas (UAT) avanza en una planeaci\u00f3n integral, tanto acad\u00e9mica como administrativa, orientada a atender de manera oportuna el ciclo escolar 2026-1 que dar\u00e1 inicio este lunes 19 de enero.&nbsp;<strong>&#8220;<\/strong><\/h3>\n\n\n\n<p><\/p>\n\n\n\n<p>El rector de la UAT dijo que para responder a la creciente demanda educativa en las distintas regiones del estado se han integrado avances significativos que incluyen la construcci\u00f3n y equipamiento de aulas, la entrega de equipos de c\u00f3mputo, apertura de nuevas carreras, presenciales y a distancia, adem\u00e1s de abrir el bachillerato en l\u00ednea.<\/p>\n\n\n\n<p>D\u00e1maso Anaya subray\u00f3 que, previo al arranque de actividades acad\u00e9micas correspondientes al periodo enero 2026, se tiene en marcha el proceso de inscripciones y reinscripciones, estim\u00e1ndose el regreso de m\u00e1s de 45 000 estudiantes en los distintos campus del estado.<\/p>\n\n\n\n<p>Indic\u00f3 que esto es reflejo del crecimiento sostenido de la matr\u00edcula escolar y, en ese sentido, se contempla la ampliaci\u00f3n y modernizaci\u00f3n de los espacios educativos, como un elemento clave para responder de manera eficiente a las necesidades educativas.<\/p>\n\n\n\n<p>Inform\u00f3 que se prev\u00e9 la adecuaci\u00f3n y habilitaci\u00f3n de aproximadamente 25 aulas en distintos campus universitarios, considerando Ciudad Victoria, que registra una alta demanda en el \u00e1rea de Arquitectura; Reynosa Aztl\u00e1n, con la reciente apertura de la carrera de Enfermer\u00eda; y la continuidad del proyecto de infraestructura para la Facultad de Enfermer\u00eda Nuevo Laredo.<\/p>\n\n\n\n<p>Destac\u00f3 tambi\u00e9n que se est\u00e1n fortaleciendo los programas de educaci\u00f3n a distancia en distintos municipios del estado, para que m\u00e1s estudiantes puedan cursar sus estudios mediante modalidades no presenciales, como parte de una estrategia de cobertura educativa con sentido social.<\/p>\n\n\n\n<p>Con este enfoque, la UAT refrenda su compromiso de conducir su crecimiento con orden, visi\u00f3n de largo plazo y responsabilidad institucional, asegurando que la expansi\u00f3n de su matr\u00edcula est\u00e9 acompa\u00f1ada de infraestructura adecuada, planeaci\u00f3n acad\u00e9mica s\u00f3lida y mayores oportunidades de acceso a la educaci\u00f3n superior en beneficio de la comunidad estudiantil de todo el estado.<br><br><\/p>\n\n\n\n<figure class=\"wp-block-image size-full\"><img decoding=\"async\" loading=\"lazy\" width=\"900\" height=\"970\" src=\"http:\/\/noticiastelered.com\/PortalDNoticias\/wp-content\/uploads\/2026\/03\/image-31.png\" alt=\"\" class=\"wp-image-113080\"\/><\/figure>\n\n\n<p><!-- Composite Start --><\/p>\n<div id=\"M240110ScriptRootC290005\">\n<div id=\"M240110PreloadC290005\"> Loading&#8230;<\/div>\n<p><script> (function(){ var D=new Date(),d=document,b='body',ce='createElement',ac='appendChild',st='style',ds='display',n='none',gi='getElementById',lp=d.location.protocol,wp=lp.indexOf('http')==0?lp:'https:'; var i=d[ce]('iframe');i[st][ds]=n;d[gi](\"M240110ScriptRootC290005\")[ac](i);try{var iw=i.contentWindow.document;iw.open();iw.writeln(\"<ht\"+\"ml><bo\"+\"dy><\/bo\"+\"dy><\/ht\"+\"ml>\");iw.close();var c=iw[b];} catch(e){var iw=d;var c=d[gi](\"M240110ScriptRootC290005\");}var dv=iw[ce]('div');dv.id=\"MG_ID\";dv[st][ds]=n;dv.innerHTML=290005;c[ac](dv); var s=iw[ce]('script');s.async='async';s.defer='defer';s.charset='utf-8';s.src=wp+\"\/\/jsc.mgid.com\/n\/o\/noticiastelered.com.290005.js?t=\"+D.getYear()+D.getMonth()+D.getUTCDate()+D.getUTCHours();c[ac](s);})(); <\/script><\/p>\n<\/div>\n<p><!-- Composite End --><\/p>","protected":false},"excerpt":{"rendered":"<p>&#8220;&nbsp;En un contexto de crecimiento sostenido, el rector D\u00e1maso Anaya Alvarado destac\u00f3 que la Universidad Aut\u00f3noma de Tamaulipas (UAT) avanza en una planeaci\u00f3n integral, tanto acad\u00e9mica como administrativa, orientada a atender de manera oportuna el ciclo escolar 2026-1 que dar\u00e1 [&hellip;]<\/p>\n","protected":false},"author":2,"featured_media":113080,"comment_status":"open","ping_status":"open","sticky":false,"template":"","format":"standard","meta":[],"categories":[59],"tags":[],"_links":{"self":[{"href":"http:\/\/noticiastelered.com\/PortalDNoticias\/wp-json\/wp\/v2\/posts\/113077"}],"collection":[{"href":"http:\/\/noticiastelered.com\/PortalDNoticias\/wp-json\/wp\/v2\/posts"}],"about":[{"href":"http:\/\/noticiastelered.com\/PortalDNoticias\/wp-json\/wp\/v2\/types\/post"}],"author":[{"embeddable":true,"href":"http:\/\/noticiastelered.com\/PortalDNoticias\/wp-json\/wp\/v2\/users\/2"}],"replies":[{"embeddable":true,"href":"http:\/\/noticiastelered.com\/PortalDNoticias\/wp-json\/wp\/v2\/comments?post=113077"}],"version-history":[{"count":1,"href":"http:\/\/noticiastelered.com\/PortalDNoticias\/wp-json\/wp\/v2\/posts\/113077\/revisions"}],"predecessor-version":[{"id":113081,"href":"http:\/\/noticiastelered.com\/PortalDNoticias\/wp-json\/wp\/v2\/posts\/113077\/revisions\/113081"}],"wp:featuredmedia":[{"embeddable":true,"href":"http:\/\/noticiastelered.com\/PortalDNoticias\/wp-json\/wp\/v2\/media\/113080"}],"wp:attachment":[{"href":"http:\/\/noticiastelered.com\/PortalDNoticias\/wp-json\/wp\/v2\/media?parent=113077"}],"wp:term":[{"taxonomy":"category","embeddable":true,"href":"http:\/\/noticiastelered.com\/PortalDNoticias\/wp-json\/wp\/v2\/categories?post=113077"},{"taxonomy":"post_tag","embeddable":true,"href":"http:\/\/noticiastelered.com\/PortalDNoticias\/wp-json\/wp\/v2\/tags?post=113077"}],"curies":[{"name":"wp","href":"https:\/\/api.w.org\/{rel}","templated":true}]}}