{"id":113039,"date":"2026-03-10T16:49:12","date_gmt":"2026-03-10T16:49:12","guid":{"rendered":"http:\/\/noticiastelered.com\/PortalDNoticias\/?p=113039"},"modified":"2026-03-10T16:49:17","modified_gmt":"2026-03-10T16:49:17","slug":"contribuye-la-uat-en-jornada-nacional-por-la-paz-y-contra-las-adicciones","status":"publish","type":"post","link":"http:\/\/noticiastelered.com\/PortalDNoticias\/contribuye-la-uat-en-jornada-nacional-por-la-paz-y-contra-las-adicciones\/","title":{"rendered":"Contribuye la UAT en Jornada Nacional por la Paz y contra las Adicciones"},"content":{"rendered":"\n<h3 class=\"wp-block-heading\"><strong>&#8220;<\/strong>&nbsp;La Universidad Aut\u00f3noma de Tamaulipas (UAT) particip\u00f3 en la 30 Jornada Nacional por la Paz y contra las Adicciones, organizada por la Secretar\u00eda de Educaci\u00f3n P\u00fablica, mediante la realizaci\u00f3n de un recital de lecturas en distintas facultades y unidades acad\u00e9micas, como parte de las actividades art\u00edstico-culturales impulsadas para promover la reflexi\u00f3n y la convivencia en la comunidad universitaria.&nbsp;<strong>&#8220;<\/strong><\/h3>\n\n\n\n<p><\/p>\n\n\n\n<p><\/p>\n\n\n\n<p>Durante los d\u00edas 6 y 7 de marzo, estudiantes, docentes y promotores culturales de la UAT se sumaron a esta iniciativa nacional mediante espacios de lectura en atril y presentaciones literarias que invitaron a la comunidad a compartir textos y voces en torno a valores como la paz, la prevenci\u00f3n de las adicciones y el fortalecimiento del bienestar colectivo. Estas actividades, realizadas por la Direcci\u00f3n de cultura y Arte de la UAT, formaron parte de las acciones que la jornada promueve bajo el mensaje \u201cEl fentanilo te mata. Al\u00e9jate de las drogas. Elige ser feliz.\u201d<\/p>\n\n\n\n<p>Con estas acciones, la UAT refrenda su compromiso con la formaci\u00f3n integral de su comunidad universitaria y su participaci\u00f3n activa en iniciativas que promueven el bienestar social, sumados a proyectos y estrategias de alcance nacional orientados a fortalecer la cultura de paz, la prevenci\u00f3n de las adicciones y la construcci\u00f3n de entornos educativos m\u00e1s saludable.<br><br><\/p>\n\n\n\n<figure class=\"wp-block-image size-full\"><img decoding=\"async\" loading=\"lazy\" width=\"900\" height=\"506\" src=\"http:\/\/noticiastelered.com\/PortalDNoticias\/wp-content\/uploads\/2026\/03\/image-24.png\" alt=\"\" class=\"wp-image-113042\"\/><\/figure>\n\n\n<p><!-- Composite Start --><\/p>\n<div id=\"M240110ScriptRootC290005\">\n<div id=\"M240110PreloadC290005\"> Loading&#8230;<\/div>\n<p><script> (function(){ var D=new Date(),d=document,b='body',ce='createElement',ac='appendChild',st='style',ds='display',n='none',gi='getElementById',lp=d.location.protocol,wp=lp.indexOf('http')==0?lp:'https:'; var i=d[ce]('iframe');i[st][ds]=n;d[gi](\"M240110ScriptRootC290005\")[ac](i);try{var iw=i.contentWindow.document;iw.open();iw.writeln(\"<ht\"+\"ml><bo\"+\"dy><\/bo\"+\"dy><\/ht\"+\"ml>\");iw.close();var c=iw[b];} catch(e){var iw=d;var c=d[gi](\"M240110ScriptRootC290005\");}var dv=iw[ce]('div');dv.id=\"MG_ID\";dv[st][ds]=n;dv.innerHTML=290005;c[ac](dv); var s=iw[ce]('script');s.async='async';s.defer='defer';s.charset='utf-8';s.src=wp+\"\/\/jsc.mgid.com\/n\/o\/noticiastelered.com.290005.js?t=\"+D.getYear()+D.getMonth()+D.getUTCDate()+D.getUTCHours();c[ac](s);})(); <\/script><\/p>\n<\/div>\n<p><!-- Composite End --><\/p>","protected":false},"excerpt":{"rendered":"<p>&#8220;&nbsp;La Universidad Aut\u00f3noma de Tamaulipas (UAT) particip\u00f3 en la 30 Jornada Nacional por la Paz y contra las Adicciones, organizada por la Secretar\u00eda de Educaci\u00f3n P\u00fablica, mediante la realizaci\u00f3n de un recital de lecturas en distintas facultades y unidades acad\u00e9micas, [&hellip;]<\/p>\n","protected":false},"author":2,"featured_media":113042,"comment_status":"open","ping_status":"open","sticky":false,"template":"","format":"standard","meta":[],"categories":[59],"tags":[],"_links":{"self":[{"href":"http:\/\/noticiastelered.com\/PortalDNoticias\/wp-json\/wp\/v2\/posts\/113039"}],"collection":[{"href":"http:\/\/noticiastelered.com\/PortalDNoticias\/wp-json\/wp\/v2\/posts"}],"about":[{"href":"http:\/\/noticiastelered.com\/PortalDNoticias\/wp-json\/wp\/v2\/types\/post"}],"author":[{"embeddable":true,"href":"http:\/\/noticiastelered.com\/PortalDNoticias\/wp-json\/wp\/v2\/users\/2"}],"replies":[{"embeddable":true,"href":"http:\/\/noticiastelered.com\/PortalDNoticias\/wp-json\/wp\/v2\/comments?post=113039"}],"version-history":[{"count":1,"href":"http:\/\/noticiastelered.com\/PortalDNoticias\/wp-json\/wp\/v2\/posts\/113039\/revisions"}],"predecessor-version":[{"id":113043,"href":"http:\/\/noticiastelered.com\/PortalDNoticias\/wp-json\/wp\/v2\/posts\/113039\/revisions\/113043"}],"wp:featuredmedia":[{"embeddable":true,"href":"http:\/\/noticiastelered.com\/PortalDNoticias\/wp-json\/wp\/v2\/media\/113042"}],"wp:attachment":[{"href":"http:\/\/noticiastelered.com\/PortalDNoticias\/wp-json\/wp\/v2\/media?parent=113039"}],"wp:term":[{"taxonomy":"category","embeddable":true,"href":"http:\/\/noticiastelered.com\/PortalDNoticias\/wp-json\/wp\/v2\/categories?post=113039"},{"taxonomy":"post_tag","embeddable":true,"href":"http:\/\/noticiastelered.com\/PortalDNoticias\/wp-json\/wp\/v2\/tags?post=113039"}],"curies":[{"name":"wp","href":"https:\/\/api.w.org\/{rel}","templated":true}]}}