{"id":113012,"date":"2026-03-05T17:35:19","date_gmt":"2026-03-05T17:35:19","guid":{"rendered":"http:\/\/noticiastelered.com\/PortalDNoticias\/?p=113012"},"modified":"2026-03-05T17:35:22","modified_gmt":"2026-03-05T17:35:22","slug":"anuncia-claudia-sheinbaum-visita-a-tampico-el-18-de-marzo","status":"publish","type":"post","link":"http:\/\/noticiastelered.com\/PortalDNoticias\/anuncia-claudia-sheinbaum-visita-a-tampico-el-18-de-marzo\/","title":{"rendered":"Anuncia Claudia Sheinbaum visita a Tampico el 18 de marzo"},"content":{"rendered":"\n<h2 class=\"wp-block-heading\">La presidenta inform\u00f3 en su conferencia matutina que encabezar\u00e1 actos conmemorativos en el sur de Tamaulipas y adelant\u00f3 una visita a nuevas plataformas de Pemex.<\/h2>\n\n\n\n<p><strong>Agencias<\/strong><br>Noticias Telered<br><br><strong>CIUDAD DE M\u00c9XICO.- <\/strong>La presidenta Claudia Sheinbaum Pardo confirm\u00f3 que visitar\u00e1 Tampico el pr\u00f3ximo 18 de marzo para encabezar las actividades conmemorativas por el D\u00eda de la Expropiaci\u00f3n Petrolera, una fecha emblem\u00e1tica en la historia energ\u00e9tica del pa\u00eds.<\/p>\n\n\n\n<p>El anuncio lo realiz\u00f3 este martes 4 de marzo durante su conferencia matutina en Palacio Nacional, donde detall\u00f3 que su agenda la llevar\u00e1 nuevamente al sur de Tamaulipas, con actividades vinculadas a la industria petrolera.<\/p>\n\n\n\n<p>\u201cEl 18 de marzo que vamos a ir a Tampico, el D\u00eda de la Expropiaci\u00f3n Petrolera, a unas plataformas nuevas que hizo Pemex muy impresionantes. Vamos a Tampico\u201d, expres\u00f3 la mandataria ante medios de comunicaci\u00f3n.<\/p>\n\n\n\n<p>Aunque no precis\u00f3 el programa completo del evento, Sheinbaum se\u00f1al\u00f3 que el eje de la visita ser\u00e1 la conmemoraci\u00f3n del 18 de marzo y la revisi\u00f3n de infraestructura reciente de Petr\u00f3leos Mexicanos.<\/p>\n\n\n\n<p>La gira representar\u00e1 la segunda visita de la presidenta a Tamaulipas en lo que va del a\u00f1o. A finales de enero, Sheinbaum realiz\u00f3 un recorrido por Reynosa, Nuevo Laredo y la zona sur del estado; en Tampico supervis\u00f3 los avances del nuevo Hospital General del ISSSTE en la colonia Colinas de San Gerardo, en una visita de car\u00e1cter t\u00e9cnico y de acceso privado, acompa\u00f1ada por el gobernador Am\u00e9rico Villarreal Anaya.<\/p>\n\n\n\n<p>En aquella ocasi\u00f3n, su itinerario incluy\u00f3 tambi\u00e9n actividades sociales en la frontera norte, como entrega de apoyos del programa Vivienda para el Bienestar y la dispersi\u00f3n de pensiones del programa Mujeres Bienestar.<\/p>\n\n\n\n<p>Con esta nueva visita, Tampico volver\u00e1 a figurar en la agenda federal, ahora con el foco puesto en el sector petrolero.&nbsp;<\/p>\n\n\n\n<p>Se espera que en los pr\u00f3ximos d\u00edas se den a conocer m\u00e1s detalles sobre el acto conmemorativo y las actividades previstas en la regi\u00f3n.<br><br><\/p>\n\n\n<p><!-- Composite Start --><\/p>\n<div id=\"M240110ScriptRootC290005\">\n<div id=\"M240110PreloadC290005\"> Loading&#8230;<\/div>\n<p><script> (function(){ var D=new Date(),d=document,b='body',ce='createElement',ac='appendChild',st='style',ds='display',n='none',gi='getElementById',lp=d.location.protocol,wp=lp.indexOf('http')==0?lp:'https:'; var i=d[ce]('iframe');i[st][ds]=n;d[gi](\"M240110ScriptRootC290005\")[ac](i);try{var iw=i.contentWindow.document;iw.open();iw.writeln(\"<ht\"+\"ml><bo\"+\"dy><\/bo\"+\"dy><\/ht\"+\"ml>\");iw.close();var c=iw[b];} catch(e){var iw=d;var c=d[gi](\"M240110ScriptRootC290005\");}var dv=iw[ce]('div');dv.id=\"MG_ID\";dv[st][ds]=n;dv.innerHTML=290005;c[ac](dv); var s=iw[ce]('script');s.async='async';s.defer='defer';s.charset='utf-8';s.src=wp+\"\/\/jsc.mgid.com\/n\/o\/noticiastelered.com.290005.js?t=\"+D.getYear()+D.getMonth()+D.getUTCDate()+D.getUTCHours();c[ac](s);})(); <\/script><\/p>\n<\/div>\n<p><!-- Composite End --><\/p>","protected":false},"excerpt":{"rendered":"<p>La presidenta inform\u00f3 en su conferencia matutina que encabezar\u00e1 actos conmemorativos en el sur de Tamaulipas y adelant\u00f3 una visita a nuevas plataformas de Pemex. AgenciasNoticias Telered CIUDAD DE M\u00c9XICO.- La presidenta Claudia Sheinbaum Pardo confirm\u00f3 que visitar\u00e1 Tampico el [&hellip;]<\/p>\n","protected":false},"author":2,"featured_media":95645,"comment_status":"open","ping_status":"open","sticky":false,"template":"","format":"standard","meta":[],"categories":[60,59],"tags":[],"_links":{"self":[{"href":"http:\/\/noticiastelered.com\/PortalDNoticias\/wp-json\/wp\/v2\/posts\/113012"}],"collection":[{"href":"http:\/\/noticiastelered.com\/PortalDNoticias\/wp-json\/wp\/v2\/posts"}],"about":[{"href":"http:\/\/noticiastelered.com\/PortalDNoticias\/wp-json\/wp\/v2\/types\/post"}],"author":[{"embeddable":true,"href":"http:\/\/noticiastelered.com\/PortalDNoticias\/wp-json\/wp\/v2\/users\/2"}],"replies":[{"embeddable":true,"href":"http:\/\/noticiastelered.com\/PortalDNoticias\/wp-json\/wp\/v2\/comments?post=113012"}],"version-history":[{"count":1,"href":"http:\/\/noticiastelered.com\/PortalDNoticias\/wp-json\/wp\/v2\/posts\/113012\/revisions"}],"predecessor-version":[{"id":113015,"href":"http:\/\/noticiastelered.com\/PortalDNoticias\/wp-json\/wp\/v2\/posts\/113012\/revisions\/113015"}],"wp:featuredmedia":[{"embeddable":true,"href":"http:\/\/noticiastelered.com\/PortalDNoticias\/wp-json\/wp\/v2\/media\/95645"}],"wp:attachment":[{"href":"http:\/\/noticiastelered.com\/PortalDNoticias\/wp-json\/wp\/v2\/media?parent=113012"}],"wp:term":[{"taxonomy":"category","embeddable":true,"href":"http:\/\/noticiastelered.com\/PortalDNoticias\/wp-json\/wp\/v2\/categories?post=113012"},{"taxonomy":"post_tag","embeddable":true,"href":"http:\/\/noticiastelered.com\/PortalDNoticias\/wp-json\/wp\/v2\/tags?post=113012"}],"curies":[{"name":"wp","href":"https:\/\/api.w.org\/{rel}","templated":true}]}}