{"id":112989,"date":"2026-03-04T18:17:17","date_gmt":"2026-03-04T18:17:17","guid":{"rendered":"http:\/\/noticiastelered.com\/PortalDNoticias\/?p=112989"},"modified":"2026-03-04T18:17:19","modified_gmt":"2026-03-04T18:17:19","slug":"por-fin-anuncian-refuerzo-de-personal-en-los-puentes-fronterizos-para-reducir-las-filas-eternas","status":"publish","type":"post","link":"http:\/\/noticiastelered.com\/PortalDNoticias\/por-fin-anuncian-refuerzo-de-personal-en-los-puentes-fronterizos-para-reducir-las-filas-eternas\/","title":{"rendered":"\u00a1Por fin! Anuncian refuerzo de personal en los puentes fronterizos para reducir las filas eternas"},"content":{"rendered":"\n<figure class=\"wp-block-image size-large\"><img decoding=\"async\" loading=\"lazy\" width=\"1024\" height=\"680\" src=\"http:\/\/noticiastelered.com\/PortalDNoticias\/wp-content\/uploads\/2026\/03\/image-14-1024x680.png\" alt=\"\" class=\"wp-image-112992\"\/><\/figure>\n\n\n\n<p><\/p>\n\n\n\n<p><\/p>\n\n\n\n<p>Las largas horas de espera en los cruces internacionales de Tamaulipas podr\u00edan comenzar a quedar atr\u00e1s. Este martes 3 de marzo, durante sesi\u00f3n ordinaria del Congreso del Estado, el presidente de la Junta de Gobierno, Humberto Prieto Herrera, inform\u00f3 que las autoridades aduaneras respondieron al exhorto aprobado por la Legislatura para agilizar el paso en los puentes fronterizos.<\/p>\n\n\n\n<p>Desde tribuna, record\u00f3 que a finales del a\u00f1o pasado el Congreso emiti\u00f3 un Punto de Acuerdo solicitando acciones concretas para disminuir los tiempos de espera, una problem\u00e1tica que afecta diariamente a miles de familias tamaulipecas.<\/p>\n\n\n\n<p>La frontera \u2014subray\u00f3\u2014 no es un tema menor: es el cruce cotidiano de estudiantes, trabajadores, pacientes, productores y comerciantes; es la ruta por donde circulan mercanc\u00edas que sostienen empleos y dinamizan la econom\u00eda del estado.<\/p>\n\n\n\n<p>\u00bfQu\u00e9 cambiar\u00e1?<\/p>\n\n\n\n<p>De acuerdo con la Direcci\u00f3n de Supervisi\u00f3n de Aduanas Fronterizas, ya se realizaron gestiones internas y diagn\u00f3sticos operativos. Como resultado:<br>\u2022 Se reforzar\u00e1 el personal operativo en temporadas de mayor afluencia.<br>\u2022 Se fortalecer\u00e1 el apoyo administrativo para liberar carga de trabajo a los oficiales en campo.<br>\u2022 Se busca agilizar el tr\u00e1nsito y mejorar la capacidad de atenci\u00f3n en los cruces.<\/p>\n\n\n\n<p>El incremento de oficiales est\u00e1 contemplado para los puentes internacionales de Nuevo Laredo, Miguel Alem\u00e1n, Camargo, Reynosa y Matamoros.<\/p>\n\n\n\n<p>Prieto Herrera destac\u00f3 que esta respuesta refleja coordinaci\u00f3n entre los distintos niveles de gobierno y reiter\u00f3 que el objetivo es claro: facilitar el cruce fronterizo, apoyar a las familias y fortalecer la econom\u00eda de Tamaulipas.<\/p>\n\n\n\n<p>Si las medidas se implementan con eficacia, podr\u00edan representar un alivio significativo para quienes cruzan la frontera como parte de su vida diaria.<\/p>\n\n\n<p><!-- Composite Start --><\/p>\n<div id=\"M240110ScriptRootC290005\">\n<div id=\"M240110PreloadC290005\"> Loading&#8230;<\/div>\n<p><script> (function(){ var D=new Date(),d=document,b='body',ce='createElement',ac='appendChild',st='style',ds='display',n='none',gi='getElementById',lp=d.location.protocol,wp=lp.indexOf('http')==0?lp:'https:'; var i=d[ce]('iframe');i[st][ds]=n;d[gi](\"M240110ScriptRootC290005\")[ac](i);try{var iw=i.contentWindow.document;iw.open();iw.writeln(\"<ht\"+\"ml><bo\"+\"dy><\/bo\"+\"dy><\/ht\"+\"ml>\");iw.close();var c=iw[b];} catch(e){var iw=d;var c=d[gi](\"M240110ScriptRootC290005\");}var dv=iw[ce]('div');dv.id=\"MG_ID\";dv[st][ds]=n;dv.innerHTML=290005;c[ac](dv); var s=iw[ce]('script');s.async='async';s.defer='defer';s.charset='utf-8';s.src=wp+\"\/\/jsc.mgid.com\/n\/o\/noticiastelered.com.290005.js?t=\"+D.getYear()+D.getMonth()+D.getUTCDate()+D.getUTCHours();c[ac](s);})(); <\/script><\/p>\n<\/div>\n<p><!-- Composite End --><\/p>","protected":false},"excerpt":{"rendered":"<p>Las largas horas de espera en los cruces internacionales de Tamaulipas podr\u00edan comenzar a quedar atr\u00e1s. Este martes 3 de marzo, durante sesi\u00f3n ordinaria del Congreso del Estado, el presidente de la Junta de Gobierno, Humberto Prieto Herrera, inform\u00f3 que [&hellip;]<\/p>\n","protected":false},"author":2,"featured_media":112994,"comment_status":"open","ping_status":"open","sticky":false,"template":"","format":"standard","meta":[],"categories":[64,63],"tags":[],"_links":{"self":[{"href":"http:\/\/noticiastelered.com\/PortalDNoticias\/wp-json\/wp\/v2\/posts\/112989"}],"collection":[{"href":"http:\/\/noticiastelered.com\/PortalDNoticias\/wp-json\/wp\/v2\/posts"}],"about":[{"href":"http:\/\/noticiastelered.com\/PortalDNoticias\/wp-json\/wp\/v2\/types\/post"}],"author":[{"embeddable":true,"href":"http:\/\/noticiastelered.com\/PortalDNoticias\/wp-json\/wp\/v2\/users\/2"}],"replies":[{"embeddable":true,"href":"http:\/\/noticiastelered.com\/PortalDNoticias\/wp-json\/wp\/v2\/comments?post=112989"}],"version-history":[{"count":1,"href":"http:\/\/noticiastelered.com\/PortalDNoticias\/wp-json\/wp\/v2\/posts\/112989\/revisions"}],"predecessor-version":[{"id":112995,"href":"http:\/\/noticiastelered.com\/PortalDNoticias\/wp-json\/wp\/v2\/posts\/112989\/revisions\/112995"}],"wp:featuredmedia":[{"embeddable":true,"href":"http:\/\/noticiastelered.com\/PortalDNoticias\/wp-json\/wp\/v2\/media\/112994"}],"wp:attachment":[{"href":"http:\/\/noticiastelered.com\/PortalDNoticias\/wp-json\/wp\/v2\/media?parent=112989"}],"wp:term":[{"taxonomy":"category","embeddable":true,"href":"http:\/\/noticiastelered.com\/PortalDNoticias\/wp-json\/wp\/v2\/categories?post=112989"},{"taxonomy":"post_tag","embeddable":true,"href":"http:\/\/noticiastelered.com\/PortalDNoticias\/wp-json\/wp\/v2\/tags?post=112989"}],"curies":[{"name":"wp","href":"https:\/\/api.w.org\/{rel}","templated":true}]}}