{"id":112977,"date":"2026-03-04T17:16:45","date_gmt":"2026-03-04T17:16:45","guid":{"rendered":"http:\/\/noticiastelered.com\/PortalDNoticias\/?p=112977"},"modified":"2026-03-04T17:31:50","modified_gmt":"2026-03-04T17:31:50","slug":"tamaulipeco-compone-corrido-a-los-soldados-que-mataron-al-mencho","status":"publish","type":"post","link":"http:\/\/noticiastelered.com\/PortalDNoticias\/tamaulipeco-compone-corrido-a-los-soldados-que-mataron-al-mencho\/","title":{"rendered":"Tamaulipeco compone corrido a los soldados que mataron al Mencho"},"content":{"rendered":"\n<h2 class=\"wp-block-heading\"><em>El compositor de Ciudad Victoria traspasa fronteras con su corrido dedicado a los soldados que participaron en la detenci\u00f3n de Nemesio Oseguera<\/em>.<\/h2>\n\n\n\n<figure class=\"wp-block-image size-full\"><img decoding=\"async\" loading=\"lazy\" width=\"825\" height=\"550\" src=\"http:\/\/noticiastelered.com\/PortalDNoticias\/wp-content\/uploads\/2026\/03\/image-12.png\" alt=\"\" class=\"wp-image-112980\"\/><\/figure>\n\n\n\n<p><br \/><strong>Agencias<\/strong><br \/>Noticias Telered<br \/><br \/><strong>CIUDAD VICTORIA.- <\/strong>Jes\u00fas &#8220;Chuy&#8221; Cavazos, el joven compositor tamaulipeco que puso en el mapa la pol\u00e9mica gastron\u00f3mica de la capital, hoy es la voz detr\u00e1s de un corrido que est\u00e1 haciendo historia en las redes sociales y en los cuarteles del pa\u00eds.<\/p>\n\n\n\n<p>Su m\u00e1s reciente composici\u00f3n, titulada \u201cOrgullo Militar\u201d, surgi\u00f3 tras los operativos en Tapalpa y la captura de Nemesio Oseguera \u201cEl Mencho\u201d.<\/p>\n\n\n\n<p>Apenas a unas semanas de su lanzamiento, la canci\u00f3n no solo suma millones de reproducciones en TikTok, Facebook y plataformas de streaming, sino que ha sido adoptada por los propios militares como un aut\u00e9ntico himno de identidad y sacrificio.<\/p>\n\n\n\n<blockquote class=\"wp-block-quote\">\n<p>&#8220;Este corrido fue hecho con todo el amor. Al no poder ser&nbsp;<strong>soldado<\/strong>&nbsp;como mi padre, mi forma de servir es&nbsp;<strong>honrando su labor<\/strong>&nbsp;y la de sus compa\u00f1eros a trav\u00e9s de mis letras&#8221;, confiesa con emoci\u00f3n durante la charla.<\/p>\n<\/blockquote>\n\n\n\n<p><strong>\u00bfCu\u00e1l es la historia del corrido \u201cOrgullo Militar\u201d?<br><\/strong>En entrevista exclusiva para POSTA Tamaulipas, Chuy Cavazos relata que el \u00e9xito de esta canci\u00f3n radica en la profundidad de su letra, la cual narra la historia real de un soldado con un destino marcado por la fecha del 22 de febrero.<\/p>\n\n\n\n<p>Seg\u00fan la l\u00edrica, a este elemento le toc\u00f3 participar en la captura de \u201cEl Chapo\u201d Guzm\u00e1n en dicha fecha, y a\u00f1os despu\u00e9s, en el operativo contra \u201cEl Mencho\u201d en el mismo d\u00eda del calendario.<\/p>\n\n\n\n<p>Sin embargo, el corrido no se queda en la haza\u00f1a; aborda la sensibilidad del soldado que regresa a casa con una ausencia en la fila. &#8220;En la historia cuento c\u00f3mo le toc\u00f3 regresar sin un compa\u00f1ero, sum\u00e1ndose este a la cifra de soldados ca\u00eddos. Es un reconocimiento al lado humano del uniforme&#8221;, explica el compositor victorense.<br><\/p>\n\n\n\n<p><strong>\u00bfLa historia familiar detr\u00e1s de la canci\u00f3n?<br \/><\/strong>Para Chuy Cavazos, componerle al ej\u00e9rcito no es una casualidad, sino un tema de sangre, pues cuenta que su padre fue militar y, durante mucho tiempo, Jes\u00fas so\u00f1\u00f3 con seguir sus pasos y portar el uniforme con orgullo.<\/p>\n\n\n\n<p>Lamentablemente, problemas de salud le impidieron cumplir ese sue\u00f1o, pero la vida le permiti\u00f3 cumplirlo a trav\u00e9s de la m\u00fasica.<\/p>\n","protected":false},"excerpt":{"rendered":"<p>El compositor de Ciudad Victoria traspasa fronteras con su corrido dedicado a los soldados que participaron en la detenci\u00f3n de Nemesio Oseguera. AgenciasNoticias Telered CIUDAD VICTORIA.- Jes\u00fas &#8220;Chuy&#8221; Cavazos, el joven compositor tamaulipeco que puso en el mapa la pol\u00e9mica [&hellip;]<\/p>\n","protected":false},"author":2,"featured_media":112980,"comment_status":"open","ping_status":"open","sticky":false,"template":"","format":"standard","meta":[],"categories":[3,66,59],"tags":[],"_links":{"self":[{"href":"http:\/\/noticiastelered.com\/PortalDNoticias\/wp-json\/wp\/v2\/posts\/112977"}],"collection":[{"href":"http:\/\/noticiastelered.com\/PortalDNoticias\/wp-json\/wp\/v2\/posts"}],"about":[{"href":"http:\/\/noticiastelered.com\/PortalDNoticias\/wp-json\/wp\/v2\/types\/post"}],"author":[{"embeddable":true,"href":"http:\/\/noticiastelered.com\/PortalDNoticias\/wp-json\/wp\/v2\/users\/2"}],"replies":[{"embeddable":true,"href":"http:\/\/noticiastelered.com\/PortalDNoticias\/wp-json\/wp\/v2\/comments?post=112977"}],"version-history":[{"count":3,"href":"http:\/\/noticiastelered.com\/PortalDNoticias\/wp-json\/wp\/v2\/posts\/112977\/revisions"}],"predecessor-version":[{"id":112988,"href":"http:\/\/noticiastelered.com\/PortalDNoticias\/wp-json\/wp\/v2\/posts\/112977\/revisions\/112988"}],"wp:featuredmedia":[{"embeddable":true,"href":"http:\/\/noticiastelered.com\/PortalDNoticias\/wp-json\/wp\/v2\/media\/112980"}],"wp:attachment":[{"href":"http:\/\/noticiastelered.com\/PortalDNoticias\/wp-json\/wp\/v2\/media?parent=112977"}],"wp:term":[{"taxonomy":"category","embeddable":true,"href":"http:\/\/noticiastelered.com\/PortalDNoticias\/wp-json\/wp\/v2\/categories?post=112977"},{"taxonomy":"post_tag","embeddable":true,"href":"http:\/\/noticiastelered.com\/PortalDNoticias\/wp-json\/wp\/v2\/tags?post=112977"}],"curies":[{"name":"wp","href":"https:\/\/api.w.org\/{rel}","templated":true}]}}