{"id":112892,"date":"2026-02-27T15:44:04","date_gmt":"2026-02-27T15:44:04","guid":{"rendered":"http:\/\/noticiastelered.com\/PortalDNoticias\/?p=112892"},"modified":"2026-02-27T15:44:06","modified_gmt":"2026-02-27T15:44:06","slug":"aplica-imss-tamaulipas-mas-de-27-mil-dosis-contra-el-sarampion","status":"publish","type":"post","link":"http:\/\/noticiastelered.com\/PortalDNoticias\/aplica-imss-tamaulipas-mas-de-27-mil-dosis-contra-el-sarampion\/","title":{"rendered":"Aplica IMSS Tamaulipas m\u00e1s de 27 mil dosis contra el sarampi\u00f3n"},"content":{"rendered":"\n<p><strong>Agencias<\/strong><br>Noticias Telered<br><br><strong>TAMAULIPAS.- <\/strong>El Instituto Mexicano del Seguro Social (IMSS) en Tamaulipas inform\u00f3 que durante la Jornada Intensiva de Vacunaci\u00f3n, realizada los d\u00edas 21 y 22 de febrero, se aplicaron 27 mil 304 dosis de la vacuna contra el sarampi\u00f3n.<\/p>\n\n\n\n<p>El operativo incluy\u00f3 un despliegue regional con acciones focalizadas en municipios y comunidades &nbsp;rurales prioritarias de Tamaulipas y norte de Veracruz, con el objetivo de fortalecer la protecci\u00f3n espec\u00edfica en poblaci\u00f3n infantil y adulta joven.<\/p>\n\n\n\n<figure class=\"wp-block-image\"><img decoding=\"async\" src=\"https:\/\/horacero.com.mx\/wp-content\/uploads\/2026\/02\/VACUNA-2bcs.webp\" alt=\"VACUNA 2bcs\" class=\"wp-image-9004111329730901\" title=\"Aplica IMSS Tamaulipas m\u00e1s de 27 mil dosis contra el sarampi\u00f3n 1\"\/><\/figure>\n\n\n\n<p>Para el desarrollo de esta jornada, el IMSS garantiz\u00f3 el abasto &nbsp;suficiente de biol\u00f3gico en todas sus unidades m\u00e9dicas. A trav\u00e9s de su red institucional de suministro, se mantuvo un monitoreo permanente para asegurar la disponibilidad &nbsp;del biol\u00f3gico en cada sede y dar continuidad oportuna a la aplicaci\u00f3n de las dosis.<\/p>\n\n\n\n<p>El instituto destaca que la vacunaci\u00f3n es la medida eficaz para prevenir el sarampi\u00f3n,&nbsp; reiterando a la poblaci\u00f3n la disponibilidad de la vacuna en sus unidades m\u00e9dicas e invit\u00e1ndolos&nbsp; a acercarse para iniciar o completar su esquema de vacunaci\u00f3n &nbsp;y protegerse contra esta enfermedad.<\/p>\n\n\n\n<p>Para ubicar un m\u00f3dulo de vacunaci\u00f3n m\u00e1s cercano, visita el sitio web\u00a0<a rel=\"noreferrer noopener\" href=\"https:\/\/dondemevacuno.salud.gob.mx\/\" target=\"_blank\">https:\/\/dondemevacuno.salud.gob.mx<\/a>, donde encontrar\u00e1s informaci\u00f3n actualizada sobre los centros de vacunaci\u00f3n disponibles en tu localidad.<br><br><\/p>\n\n\n<p><!-- Composite Start --><\/p>\n<div id=\"M240110ScriptRootC290005\">\n<div id=\"M240110PreloadC290005\"> Loading&#8230;<\/div>\n<p><script> (function(){ var D=new Date(),d=document,b='body',ce='createElement',ac='appendChild',st='style',ds='display',n='none',gi='getElementById',lp=d.location.protocol,wp=lp.indexOf('http')==0?lp:'https:'; var i=d[ce]('iframe');i[st][ds]=n;d[gi](\"M240110ScriptRootC290005\")[ac](i);try{var iw=i.contentWindow.document;iw.open();iw.writeln(\"<ht\"+\"ml><bo\"+\"dy><\/bo\"+\"dy><\/ht\"+\"ml>\");iw.close();var c=iw[b];} catch(e){var iw=d;var c=d[gi](\"M240110ScriptRootC290005\");}var dv=iw[ce]('div');dv.id=\"MG_ID\";dv[st][ds]=n;dv.innerHTML=290005;c[ac](dv); var s=iw[ce]('script');s.async='async';s.defer='defer';s.charset='utf-8';s.src=wp+\"\/\/jsc.mgid.com\/n\/o\/noticiastelered.com.290005.js?t=\"+D.getYear()+D.getMonth()+D.getUTCDate()+D.getUTCHours();c[ac](s);})(); <\/script><\/p>\n<\/div>\n<p><!-- Composite End --><\/p>\n<p><!-- Composite Start --><\/p>\n<div id=\"M240110ScriptRootC290005\">\n<div id=\"M240110PreloadC290005\"> Loading&#8230;<\/div>\n<p><script> (function(){ var D=new Date(),d=document,b='body',ce='createElement',ac='appendChild',st='style',ds='display',n='none',gi='getElementById',lp=d.location.protocol,wp=lp.indexOf('http')==0?lp:'https:'; var i=d[ce]('iframe');i[st][ds]=n;d[gi](\"M240110ScriptRootC290005\")[ac](i);try{var iw=i.contentWindow.document;iw.open();iw.writeln(\"<ht\"+\"ml><bo\"+\"dy><\/bo\"+\"dy><\/ht\"+\"ml>\");iw.close();var c=iw[b];} catch(e){var iw=d;var c=d[gi](\"M240110ScriptRootC290005\");}var dv=iw[ce]('div');dv.id=\"MG_ID\";dv[st][ds]=n;dv.innerHTML=290005;c[ac](dv); var s=iw[ce]('script');s.async='async';s.defer='defer';s.charset='utf-8';s.src=wp+\"\/\/jsc.mgid.com\/n\/o\/noticiastelered.com.290005.js?t=\"+D.getYear()+D.getMonth()+D.getUTCDate()+D.getUTCHours();c[ac](s);})(); <\/script><\/p>\n<\/div>\n<p><!-- Composite End --><\/p>","protected":false},"excerpt":{"rendered":"<p>AgenciasNoticias Telered TAMAULIPAS.- El Instituto Mexicano del Seguro Social (IMSS) en Tamaulipas inform\u00f3 que durante la Jornada Intensiva de Vacunaci\u00f3n, realizada los d\u00edas 21 y 22 de febrero, se aplicaron 27 mil 304 dosis de la vacuna contra el sarampi\u00f3n. [&hellip;]<\/p>\n","protected":false},"author":2,"featured_media":112895,"comment_status":"open","ping_status":"open","sticky":false,"template":"","format":"standard","meta":[],"categories":[59],"tags":[],"_links":{"self":[{"href":"http:\/\/noticiastelered.com\/PortalDNoticias\/wp-json\/wp\/v2\/posts\/112892"}],"collection":[{"href":"http:\/\/noticiastelered.com\/PortalDNoticias\/wp-json\/wp\/v2\/posts"}],"about":[{"href":"http:\/\/noticiastelered.com\/PortalDNoticias\/wp-json\/wp\/v2\/types\/post"}],"author":[{"embeddable":true,"href":"http:\/\/noticiastelered.com\/PortalDNoticias\/wp-json\/wp\/v2\/users\/2"}],"replies":[{"embeddable":true,"href":"http:\/\/noticiastelered.com\/PortalDNoticias\/wp-json\/wp\/v2\/comments?post=112892"}],"version-history":[{"count":1,"href":"http:\/\/noticiastelered.com\/PortalDNoticias\/wp-json\/wp\/v2\/posts\/112892\/revisions"}],"predecessor-version":[{"id":112896,"href":"http:\/\/noticiastelered.com\/PortalDNoticias\/wp-json\/wp\/v2\/posts\/112892\/revisions\/112896"}],"wp:featuredmedia":[{"embeddable":true,"href":"http:\/\/noticiastelered.com\/PortalDNoticias\/wp-json\/wp\/v2\/media\/112895"}],"wp:attachment":[{"href":"http:\/\/noticiastelered.com\/PortalDNoticias\/wp-json\/wp\/v2\/media?parent=112892"}],"wp:term":[{"taxonomy":"category","embeddable":true,"href":"http:\/\/noticiastelered.com\/PortalDNoticias\/wp-json\/wp\/v2\/categories?post=112892"},{"taxonomy":"post_tag","embeddable":true,"href":"http:\/\/noticiastelered.com\/PortalDNoticias\/wp-json\/wp\/v2\/tags?post=112892"}],"curies":[{"name":"wp","href":"https:\/\/api.w.org\/{rel}","templated":true}]}}