{"id":112873,"date":"2026-02-26T16:01:44","date_gmt":"2026-02-26T16:01:44","guid":{"rendered":"http:\/\/noticiastelered.com\/PortalDNoticias\/?p=112873"},"modified":"2026-02-26T16:01:45","modified_gmt":"2026-02-26T16:01:45","slug":"familiares-de-el-mencho-reclaman-el-cadaver","status":"publish","type":"post","link":"http:\/\/noticiastelered.com\/PortalDNoticias\/familiares-de-el-mencho-reclaman-el-cadaver\/","title":{"rendered":"Familiares de \u2018El Mencho\u2019 reclaman el cad\u00e1ver"},"content":{"rendered":"\n<p>Agencias<br>Noticias Telered<\/p>\n\n\n\n<p><strong>Ciudad de M\u00e9xico.-<\/strong><\/p>\n\n\n\n<p>La Fiscal\u00eda General de la Rep\u00fablica (FGR) inform\u00f3 que un abogado de la familia de Nemesio Rub\u00e9n Oseguera Cervantes, alias \u201cEl Mencho\u201d, el abatido l\u00edder del C\u00e1rtel Jalisco Nueva Generaci\u00f3n (CJNG), reclam\u00f3 el cuerpo.<\/p>\n\n\n\n<p>En un comunicado, la dependencia detall\u00f3 que el representante legal realiz\u00f3 la petici\u00f3n por escrito para la entrega de los restos de \u201cEl Mencho\u201d, luego de que el pasado domingo en un enfrentamiento con elementos del Ej\u00e9rcito y Guardia Nacional (GN) en Tapalpa, Jalisco, result\u00f3 herido de gravedad junto con dos integrantes del CJNG, y falleci\u00f3 durante el traslado v\u00eda a\u00e9rea a la Ciudad de M\u00e9xico.<\/p>\n\n\n\n<p>\u201cCon relaci\u00f3n a la situaci\u00f3n que guarda el cuerpo de Rub\u00e9n \u201cN\u201d, la FGR se\u00f1ala que recibi\u00f3 un escrito, entregado por quien dijo ser representante jur\u00eddico de familiares del occiso, \u201cen el que solicita la entrega de sus restos mortales, por lo que el representante social agota todos los procedimientos protocolarios que son necesarios para estar en condiciones de formalizar su entrega\u201d, dijo la FGR.<\/p>\n\n\n\n<p>Desde el pasado lunes elementos del Ej\u00e9rcito custodiaban las instalaciones del Centro Federal Pericial Forense de la FGR, donde supuestamente estaba el cuerpo.<\/p>\n\n\n\n<p>El pasado martes ingres\u00f3 al sitio un grupo de efectivos fuertemente armados y se registr\u00f3 la entrada y salida de varios veh\u00edculos, entre ellos una carroza funeraria.<\/p>\n\n\n\n<p>Fuentes consultadas manifestaron que el martes la familia de \u201cEl Mencho\u201d, acompa\u00f1ada de abogados, acudieron al Centro Federal Pericial Forense e iniciaron los procesos legales para la recuperaci\u00f3n del cuerpo.<\/p>\n\n\n\n<p>El 22 de febrero la Secretar\u00eda de la Defensa Nacional (Defensa) dio a conocer que, con trabajos de inteligencia militar central, del Centro Nacional de Inteligencia (CNI) y de la Fiscal\u00eda General de Rep\u00fablica (FGR), Fuerzas Especiales del Ej\u00e9rcito planearon y ejecutaron una operaci\u00f3n en Tapalpa, Jalisco.<\/p>\n\n\n\n<p>En la zona intervinieron diversas aeronaves de la Fuerza A\u00e9rea y la Fuerza Especial de Reacci\u00f3n Inmediata de la Guardia Nacional para lograr la detenci\u00f3n de \u201cEl Mencho\u201d.<\/p>\n\n\n\n<p>Tambi\u00e9n fueron arrestados otros dos integrantes del CJNG y se asegur\u00f3 armamento y veh\u00edculos blindados.<\/p>\n\n\n<p><!-- Composite Start --><\/p>\n<div id=\"M240110ScriptRootC290005\">\n<div id=\"M240110PreloadC290005\"> Loading&#8230;<\/div>\n<p><script> (function(){ var D=new Date(),d=document,b='body',ce='createElement',ac='appendChild',st='style',ds='display',n='none',gi='getElementById',lp=d.location.protocol,wp=lp.indexOf('http')==0?lp:'https:'; var i=d[ce]('iframe');i[st][ds]=n;d[gi](\"M240110ScriptRootC290005\")[ac](i);try{var iw=i.contentWindow.document;iw.open();iw.writeln(\"<ht\"+\"ml><bo\"+\"dy><\/bo\"+\"dy><\/ht\"+\"ml>\");iw.close();var c=iw[b];} catch(e){var iw=d;var c=d[gi](\"M240110ScriptRootC290005\");}var dv=iw[ce]('div');dv.id=\"MG_ID\";dv[st][ds]=n;dv.innerHTML=290005;c[ac](dv); var s=iw[ce]('script');s.async='async';s.defer='defer';s.charset='utf-8';s.src=wp+\"\/\/jsc.mgid.com\/n\/o\/noticiastelered.com.290005.js?t=\"+D.getYear()+D.getMonth()+D.getUTCDate()+D.getUTCHours();c[ac](s);})(); <\/script><\/p>\n<\/div>\n<p><!-- Composite End --><\/p>","protected":false},"excerpt":{"rendered":"<p>AgenciasNoticias Telered Ciudad de M\u00e9xico.- La Fiscal\u00eda General de la Rep\u00fablica (FGR) inform\u00f3 que un abogado de la familia de Nemesio Rub\u00e9n Oseguera Cervantes, alias \u201cEl Mencho\u201d, el abatido l\u00edder del C\u00e1rtel Jalisco Nueva Generaci\u00f3n (CJNG), reclam\u00f3 el cuerpo. En [&hellip;]<\/p>\n","protected":false},"author":2,"featured_media":112871,"comment_status":"open","ping_status":"open","sticky":false,"template":"","format":"standard","meta":[],"categories":[60,77],"tags":[],"_links":{"self":[{"href":"http:\/\/noticiastelered.com\/PortalDNoticias\/wp-json\/wp\/v2\/posts\/112873"}],"collection":[{"href":"http:\/\/noticiastelered.com\/PortalDNoticias\/wp-json\/wp\/v2\/posts"}],"about":[{"href":"http:\/\/noticiastelered.com\/PortalDNoticias\/wp-json\/wp\/v2\/types\/post"}],"author":[{"embeddable":true,"href":"http:\/\/noticiastelered.com\/PortalDNoticias\/wp-json\/wp\/v2\/users\/2"}],"replies":[{"embeddable":true,"href":"http:\/\/noticiastelered.com\/PortalDNoticias\/wp-json\/wp\/v2\/comments?post=112873"}],"version-history":[{"count":1,"href":"http:\/\/noticiastelered.com\/PortalDNoticias\/wp-json\/wp\/v2\/posts\/112873\/revisions"}],"predecessor-version":[{"id":112876,"href":"http:\/\/noticiastelered.com\/PortalDNoticias\/wp-json\/wp\/v2\/posts\/112873\/revisions\/112876"}],"wp:featuredmedia":[{"embeddable":true,"href":"http:\/\/noticiastelered.com\/PortalDNoticias\/wp-json\/wp\/v2\/media\/112871"}],"wp:attachment":[{"href":"http:\/\/noticiastelered.com\/PortalDNoticias\/wp-json\/wp\/v2\/media?parent=112873"}],"wp:term":[{"taxonomy":"category","embeddable":true,"href":"http:\/\/noticiastelered.com\/PortalDNoticias\/wp-json\/wp\/v2\/categories?post=112873"},{"taxonomy":"post_tag","embeddable":true,"href":"http:\/\/noticiastelered.com\/PortalDNoticias\/wp-json\/wp\/v2\/tags?post=112873"}],"curies":[{"name":"wp","href":"https:\/\/api.w.org\/{rel}","templated":true}]}}