{"id":112868,"date":"2026-02-25T17:10:27","date_gmt":"2026-02-25T17:10:27","guid":{"rendered":"http:\/\/noticiastelered.com\/PortalDNoticias\/?p=112868"},"modified":"2026-02-25T17:10:29","modified_gmt":"2026-02-25T17:10:29","slug":"no-se-llamaba-nemesio-este-es-el-nombre-real-de-el-mencho-que-aparece-en-su-curp","status":"publish","type":"post","link":"http:\/\/noticiastelered.com\/PortalDNoticias\/no-se-llamaba-nemesio-este-es-el-nombre-real-de-el-mencho-que-aparece-en-su-curp\/","title":{"rendered":"\u00a1No se llamaba Nemesio! Este es el nombre real de El Mencho que aparece en su CURP"},"content":{"rendered":"\n<p><strong>Durante a\u00f1os se conoci\u00f3 a \u2018El Mencho\u2019 como Nemesio Oseguera Cervantes; sin embargo, documentos oficiales revelan que su nombre real era otro<\/strong><br><br><strong>Agencias<\/strong><br>Noticias Telered<br><br><strong>JALISCO.-<\/strong> Aunque durante a\u00f1os apareci\u00f3 en reportes y fichas de b\u00fasqueda como&nbsp;<strong>Nemesio Oseguera Cervantes<\/strong>, el&nbsp;<strong>nombre real<\/strong>&nbsp;de \u201c<strong>El Mencho<\/strong>\u201d que aparece en documentos oficiales es uno distinto. Aqu\u00ed te contamos c\u00f3mo se llamaba realmente.<br><\/p>\n\n\n\n<h2 class=\"wp-block-heading\">\u00bfCu\u00e1l es el nombre real de El Mencho?<\/h2>\n\n\n\n<p>Seg\u00fan datos oficiales de RENAPO, el l\u00edder del CJNG y el capo m\u00e1s buscado por la DEA se encuentra registrado como&nbsp;<strong>Rub\u00e9n Oseguera Cervantes<\/strong>.<\/p>\n\n\n\n<p>\u201c<strong>El Mencho<\/strong>&#8221; fue registrado en 1967, un a\u00f1o despu\u00e9s de su nacimiento en Aguililla, Michoac\u00e1n, bajo el n\u00famero de acta 00575.<br><\/p>\n\n\n\n<p>A pesar de este ser su&nbsp;<strong>nombre real<\/strong>&nbsp;registrado en M\u00e9xico, el Departamento de los Estados Unidos durante a\u00f1os se\u00f1al\u00f3 el nombre del capo como Nemesio Rub\u00e9n Oseguera.<\/p>\n\n\n\n<h3 class=\"wp-block-heading\">\u00bfDe d\u00f3nde sali\u00f3 el nombre Nemesio?<\/h3>\n\n\n\n<p>Aunque no hay una versi\u00f3n oficial que indique por qu\u00e9&nbsp;<strong>El Mencho<\/strong>&nbsp;se cambi\u00f3 el nombre, se cree que&nbsp;<strong>Nemesio<\/strong>&nbsp;pudo ser un nombre que desde muy joven adopt\u00f3 en honor a un padrino, y que este alias cobr\u00f3 tanta fuerza que termin\u00f3 por sustituir su identidad oficial.<\/p>\n\n\n\n<h2 class=\"wp-block-heading\">\u2018El Mencho\u2019 abatido en Jalisco<\/h2>\n\n\n\n<p>Fue el pasado&nbsp;<strong>domingo 22 de febrero de 2026<\/strong>&nbsp;que Oseguera Cervantes &#8216;<strong>El Mencho<\/strong>&#8216;, l\u00edder de un grupo criminal en&nbsp;<strong>Jalisco<\/strong>, fue&nbsp;<strong>abatido<\/strong>&nbsp;en el municipio de&nbsp;<strong>Tapalpa<\/strong>.<\/p>\n\n\n\n<p>Autoridades de&nbsp;<strong>Estados Unidos<\/strong>&nbsp;ofrec\u00edan hasta 15 millones de d\u00f3lares a cambio de informaci\u00f3n que llevara a su captura, mientras que en M\u00e9xico ofrec\u00edan 30 millones de pesos.<\/p>\n\n\n\n<p>La muerte de &#8216;<strong>El Mencho<\/strong>&#8216; fue confirmada luego de una serie de&nbsp;<strong>bloqueos<\/strong>&nbsp;en varias&nbsp;<strong>carreteras<\/strong>&nbsp;en estados como&nbsp;<strong>Jalisco, Guanajuato y Nayarit<\/strong>&nbsp;tras un operativo para su captura.<\/p>\n\n\n\n<figure class=\"wp-block-image size-full\"><img decoding=\"async\" loading=\"lazy\" width=\"992\" height=\"558\" src=\"http:\/\/noticiastelered.com\/PortalDNoticias\/wp-content\/uploads\/2026\/02\/image-21.png\" alt=\"\" class=\"wp-image-112871\"\/><\/figure>\n\n\n<p><!-- Composite Start --><\/p>\n<div id=\"M240110ScriptRootC290005\">\n<div id=\"M240110PreloadC290005\"> Loading&#8230;<\/div>\n<p><script> (function(){ var D=new Date(),d=document,b='body',ce='createElement',ac='appendChild',st='style',ds='display',n='none',gi='getElementById',lp=d.location.protocol,wp=lp.indexOf('http')==0?lp:'https:'; var i=d[ce]('iframe');i[st][ds]=n;d[gi](\"M240110ScriptRootC290005\")[ac](i);try{var iw=i.contentWindow.document;iw.open();iw.writeln(\"<ht\"+\"ml><bo\"+\"dy><\/bo\"+\"dy><\/ht\"+\"ml>\");iw.close();var c=iw[b];} catch(e){var iw=d;var c=d[gi](\"M240110ScriptRootC290005\");}var dv=iw[ce]('div');dv.id=\"MG_ID\";dv[st][ds]=n;dv.innerHTML=290005;c[ac](dv); var s=iw[ce]('script');s.async='async';s.defer='defer';s.charset='utf-8';s.src=wp+\"\/\/jsc.mgid.com\/n\/o\/noticiastelered.com.290005.js?t=\"+D.getYear()+D.getMonth()+D.getUTCDate()+D.getUTCHours();c[ac](s);})(); <\/script><\/p>\n<\/div>\n<p><!-- Composite End --><\/p>","protected":false},"excerpt":{"rendered":"<p>Durante a\u00f1os se conoci\u00f3 a \u2018El Mencho\u2019 como Nemesio Oseguera Cervantes; sin embargo, documentos oficiales revelan que su nombre real era otro AgenciasNoticias Telered JALISCO.- Aunque durante a\u00f1os apareci\u00f3 en reportes y fichas de b\u00fasqueda como&nbsp;Nemesio Oseguera Cervantes, el&nbsp;nombre real&nbsp;de [&hellip;]<\/p>\n","protected":false},"author":2,"featured_media":112871,"comment_status":"open","ping_status":"open","sticky":false,"template":"","format":"standard","meta":[],"categories":[60],"tags":[],"_links":{"self":[{"href":"http:\/\/noticiastelered.com\/PortalDNoticias\/wp-json\/wp\/v2\/posts\/112868"}],"collection":[{"href":"http:\/\/noticiastelered.com\/PortalDNoticias\/wp-json\/wp\/v2\/posts"}],"about":[{"href":"http:\/\/noticiastelered.com\/PortalDNoticias\/wp-json\/wp\/v2\/types\/post"}],"author":[{"embeddable":true,"href":"http:\/\/noticiastelered.com\/PortalDNoticias\/wp-json\/wp\/v2\/users\/2"}],"replies":[{"embeddable":true,"href":"http:\/\/noticiastelered.com\/PortalDNoticias\/wp-json\/wp\/v2\/comments?post=112868"}],"version-history":[{"count":1,"href":"http:\/\/noticiastelered.com\/PortalDNoticias\/wp-json\/wp\/v2\/posts\/112868\/revisions"}],"predecessor-version":[{"id":112872,"href":"http:\/\/noticiastelered.com\/PortalDNoticias\/wp-json\/wp\/v2\/posts\/112868\/revisions\/112872"}],"wp:featuredmedia":[{"embeddable":true,"href":"http:\/\/noticiastelered.com\/PortalDNoticias\/wp-json\/wp\/v2\/media\/112871"}],"wp:attachment":[{"href":"http:\/\/noticiastelered.com\/PortalDNoticias\/wp-json\/wp\/v2\/media?parent=112868"}],"wp:term":[{"taxonomy":"category","embeddable":true,"href":"http:\/\/noticiastelered.com\/PortalDNoticias\/wp-json\/wp\/v2\/categories?post=112868"},{"taxonomy":"post_tag","embeddable":true,"href":"http:\/\/noticiastelered.com\/PortalDNoticias\/wp-json\/wp\/v2\/tags?post=112868"}],"curies":[{"name":"wp","href":"https:\/\/api.w.org\/{rel}","templated":true}]}}