{"id":112863,"date":"2026-02-25T16:13:34","date_gmt":"2026-02-25T16:13:34","guid":{"rendered":"http:\/\/noticiastelered.com\/PortalDNoticias\/?p=112863"},"modified":"2026-02-25T16:13:36","modified_gmt":"2026-02-25T16:13:36","slug":"morena-abre-proceso-para-expulsar-a-sergio-mayer-tras-entrar-a-la-casa-de-los-famosos","status":"publish","type":"post","link":"http:\/\/noticiastelered.com\/PortalDNoticias\/morena-abre-proceso-para-expulsar-a-sergio-mayer-tras-entrar-a-la-casa-de-los-famosos\/","title":{"rendered":"Morena abre proceso para expulsar a Sergio Mayer tras entrar a La Casa de los Famosos"},"content":{"rendered":"\n<p><strong>Agencias<\/strong><br>Noticias Telered<br><br><strong>CIUDAD DE M\u00c9XICO.- <\/strong>Morena abri\u00f3 un&nbsp;<strong>procedimiento interno contra Sergio Mayer<\/strong>, luego de que el legislador solicitara licencia para participar en el reality show&nbsp;<strong>\u201cLa Casa de los Famosos\u201d<\/strong>, lo que podr\u00eda derivar en sanciones partidistas.<\/p>\n\n\n\n<p>La dirigente nacional del partido,&nbsp;<strong>Luisa Mar\u00eda Alcalde<\/strong>, confirm\u00f3 que la&nbsp;<strong>Comisi\u00f3n Nacional de Honestidad y Justicia (CNHJ)<\/strong>&nbsp;analiza el caso, al considerar que la decisi\u00f3n podr\u00eda representar una falta de compromiso con sus funciones legislativas.<\/p>\n\n\n\n<p>De acuerdo con los estatutos de Morena, las sanciones podr\u00edan ir desde una&nbsp;<strong>amonestaci\u00f3n p\u00fablica<\/strong>&nbsp;hasta la&nbsp;<strong>suspensi\u00f3n de sus derechos partidistas<\/strong>, dependiendo de la resoluci\u00f3n que emita la Comisi\u00f3n.<\/p>\n\n\n\n<blockquote class=\"wp-block-quote\">\n<p>\u201cEntiendo que ya abrieron un procedimiento y les toca evaluar\u201d, declar\u00f3 Alcalde en un video difundido por el medio \u201cLa Capital\u201d de Guerrero.<\/p>\n<\/blockquote>\n\n\n\n<p>Hasta el momento, no se ha hecho p\u00fablico el documento oficial sobre el procedimiento iniciado contra el diputado, mientras el caso contin\u00faa en an\u00e1lisis al interior del partido.<br><\/p>\n\n\n\n<figure class=\"wp-block-image size-large\"><img decoding=\"async\" loading=\"lazy\" width=\"1024\" height=\"576\" src=\"http:\/\/noticiastelered.com\/PortalDNoticias\/wp-content\/uploads\/2026\/02\/image-20-1024x576.png\" alt=\"\" class=\"wp-image-112866\"\/><\/figure>\n\n\n<p><!-- Composite Start --><\/p>\n<div id=\"M240110ScriptRootC290005\">\n<div id=\"M240110PreloadC290005\"> Loading&#8230;<\/div>\n<p><script> (function(){ var D=new Date(),d=document,b='body',ce='createElement',ac='appendChild',st='style',ds='display',n='none',gi='getElementById',lp=d.location.protocol,wp=lp.indexOf('http')==0?lp:'https:'; var i=d[ce]('iframe');i[st][ds]=n;d[gi](\"M240110ScriptRootC290005\")[ac](i);try{var iw=i.contentWindow.document;iw.open();iw.writeln(\"<ht\"+\"ml><bo\"+\"dy><\/bo\"+\"dy><\/ht\"+\"ml>\");iw.close();var c=iw[b];} catch(e){var iw=d;var c=d[gi](\"M240110ScriptRootC290005\");}var dv=iw[ce]('div');dv.id=\"MG_ID\";dv[st][ds]=n;dv.innerHTML=290005;c[ac](dv); var s=iw[ce]('script');s.async='async';s.defer='defer';s.charset='utf-8';s.src=wp+\"\/\/jsc.mgid.com\/n\/o\/noticiastelered.com.290005.js?t=\"+D.getYear()+D.getMonth()+D.getUTCDate()+D.getUTCHours();c[ac](s);})(); <\/script><\/p>\n<\/div>\n<p><!-- Composite End --><\/p>","protected":false},"excerpt":{"rendered":"<p>AgenciasNoticias Telered CIUDAD DE M\u00c9XICO.- Morena abri\u00f3 un&nbsp;procedimiento interno contra Sergio Mayer, luego de que el legislador solicitara licencia para participar en el reality show&nbsp;\u201cLa Casa de los Famosos\u201d, lo que podr\u00eda derivar en sanciones partidistas. La dirigente nacional del [&hellip;]<\/p>\n","protected":false},"author":2,"featured_media":112866,"comment_status":"open","ping_status":"open","sticky":false,"template":"","format":"standard","meta":[],"categories":[60],"tags":[],"_links":{"self":[{"href":"http:\/\/noticiastelered.com\/PortalDNoticias\/wp-json\/wp\/v2\/posts\/112863"}],"collection":[{"href":"http:\/\/noticiastelered.com\/PortalDNoticias\/wp-json\/wp\/v2\/posts"}],"about":[{"href":"http:\/\/noticiastelered.com\/PortalDNoticias\/wp-json\/wp\/v2\/types\/post"}],"author":[{"embeddable":true,"href":"http:\/\/noticiastelered.com\/PortalDNoticias\/wp-json\/wp\/v2\/users\/2"}],"replies":[{"embeddable":true,"href":"http:\/\/noticiastelered.com\/PortalDNoticias\/wp-json\/wp\/v2\/comments?post=112863"}],"version-history":[{"count":1,"href":"http:\/\/noticiastelered.com\/PortalDNoticias\/wp-json\/wp\/v2\/posts\/112863\/revisions"}],"predecessor-version":[{"id":112867,"href":"http:\/\/noticiastelered.com\/PortalDNoticias\/wp-json\/wp\/v2\/posts\/112863\/revisions\/112867"}],"wp:featuredmedia":[{"embeddable":true,"href":"http:\/\/noticiastelered.com\/PortalDNoticias\/wp-json\/wp\/v2\/media\/112866"}],"wp:attachment":[{"href":"http:\/\/noticiastelered.com\/PortalDNoticias\/wp-json\/wp\/v2\/media?parent=112863"}],"wp:term":[{"taxonomy":"category","embeddable":true,"href":"http:\/\/noticiastelered.com\/PortalDNoticias\/wp-json\/wp\/v2\/categories?post=112863"},{"taxonomy":"post_tag","embeddable":true,"href":"http:\/\/noticiastelered.com\/PortalDNoticias\/wp-json\/wp\/v2\/tags?post=112863"}],"curies":[{"name":"wp","href":"https:\/\/api.w.org\/{rel}","templated":true}]}}