{"id":112858,"date":"2026-02-25T15:50:18","date_gmt":"2026-02-25T15:50:18","guid":{"rendered":"http:\/\/noticiastelered.com\/PortalDNoticias\/?p=112858"},"modified":"2026-02-25T15:50:20","modified_gmt":"2026-02-25T15:50:20","slug":"refuerzan-seguridad-en-tamaulipas-gobernador-instruye-restablecer-el-orden","status":"publish","type":"post","link":"http:\/\/noticiastelered.com\/PortalDNoticias\/refuerzan-seguridad-en-tamaulipas-gobernador-instruye-restablecer-el-orden\/","title":{"rendered":"Refuerzan seguridad en Tamaulipas; gobernador instruye restablecer el orden"},"content":{"rendered":"\n<p><strong>Agencias<\/strong><br>Noticias Telered<br><br><strong>CIUDAD VICTORIA.- <\/strong>Ante los acontecimientos ocurridos la ma\u00f1ana de este domingo en la zona norte del estado, el gobernador Am\u00e9rico Villarreal Anaya convoc\u00f3 a reuni\u00f3n extraordinaria a integrantes de la Mesa de Paz, donde instruy\u00f3 acciones a todas las fuerzas de seguridad para restablecer el orden y la tranquilidad entre la poblaci\u00f3n.<\/p>\n\n\n\n<p>Durante la reuni\u00f3n de la Mesa de Paz, las instituciones de seguridad dieron a conocer de los hechos de violencia registrados en distintos puntos del pa\u00eds, incluyendo municipios de la zona norte de nuestro estado, donde se presentaron bloqueos en avenidas internas y en carreteras federales.<\/p>\n\n\n\n<p>Estos acontecimientos se dan en un contexto nacional de acciones delictivas que buscan generar desestabilizaci\u00f3n y afectar la tranquilidad de la poblaci\u00f3n.<\/p>\n\n\n\n<p>En Tamaulipas, se detall\u00f3, los incidentes se concentraron principalmente en Reynosa, donde se reportaron obstrucciones con veh\u00edculos y objetos incendiados en diversos tramos viales, as\u00ed como intentos de bloqueos en puntos estrat\u00e9gicos de comunicaci\u00f3n.<\/p>\n\n\n\n<p>Desde temprana hora, la instrucci\u00f3n del Ejecutivo Estatal, pidi\u00f3 a las instituciones de seguridad del Estado se activar\u00e1n los protocolos de atenci\u00f3n correspondientes.<\/p>\n\n\n\n<p>A trav\u00e9s de una coordinaci\u00f3n interinstitucional efectiva entre la Guardia Estatal, la Secretar\u00eda de la Defensa Nacional, la Guardia Nacional y autoridades federales, se desplegaron operativos para restablecer el orden.<\/p>\n\n\n\n<p>De forma paralela, los cuerpos de Bomberos y Protecci\u00f3n Civil intervinieron con prontitud para sofocar incendios y garantizar condiciones seguras en las zonas afectadas.<\/p>\n\n\n\n<p>Cada uno de los puntos fue atendido y despejado con rapidez y eficacia y gracias a esta actuaci\u00f3n coordinada y profesional, no se registran personas fallecidas, derivadas de estos hechos.<\/p>\n\n\n\n<p>La prioridad fue proteger la vida e integridad de la ciudadan\u00eda, y as\u00ed se hizo.El gobernador Villarreal Anaya dio certeza a la poblaci\u00f3n de que los elementos de seguridad permanecen desplegados en todo el territorio tamaulipeco.<\/p>\n\n\n\n<p>Se mantienen patrullajes preventivos, presencia estrat\u00e9gica y monitoreo permanente, con el objetivo de garantizar el control de cualquier situaci\u00f3n y evitar nuevos eventos que pretendan alterar la paz p\u00fablica.<\/p>\n\n\n\n<p>Pidi\u00f3 a la poblaci\u00f3n mantener la calma, e hizo un llamado a no difundir informaci\u00f3n no confirmada y atender \u00fanicamente los comunicados oficiales.<\/p>\n\n\n\n<p>\u201cEvitemos caer en provocaciones o en la reproducci\u00f3n de rumores que buscan desorientar a la poblaci\u00f3n\u201d, llam\u00f3.Concluy\u00f3 que su compromiso es claro: preservar la tranquilidad de las familias tamaulipecas.<\/p>\n\n\n\n<p>\u201cSeguiremos actuando con firmeza, coordinaci\u00f3n y responsabilidad para mantener el orden y la seguridad en Tamaulipas\u201d, puntualiz\u00f3.<br><br><\/p>\n\n\n\n<figure class=\"wp-block-image size-large\"><img decoding=\"async\" loading=\"lazy\" width=\"1024\" height=\"768\" src=\"http:\/\/noticiastelered.com\/PortalDNoticias\/wp-content\/uploads\/2026\/02\/image-19-1024x768.png\" alt=\"\" class=\"wp-image-112861\"\/><\/figure>\n\n\n<p><!-- Composite Start --><\/p>\n<div id=\"M240110ScriptRootC290005\">\n<div id=\"M240110PreloadC290005\"> Loading&#8230;<\/div>\n<p><script> (function(){ var D=new Date(),d=document,b='body',ce='createElement',ac='appendChild',st='style',ds='display',n='none',gi='getElementById',lp=d.location.protocol,wp=lp.indexOf('http')==0?lp:'https:'; var i=d[ce]('iframe');i[st][ds]=n;d[gi](\"M240110ScriptRootC290005\")[ac](i);try{var iw=i.contentWindow.document;iw.open();iw.writeln(\"<ht\"+\"ml><bo\"+\"dy><\/bo\"+\"dy><\/ht\"+\"ml>\");iw.close();var c=iw[b];} catch(e){var iw=d;var c=d[gi](\"M240110ScriptRootC290005\");}var dv=iw[ce]('div');dv.id=\"MG_ID\";dv[st][ds]=n;dv.innerHTML=290005;c[ac](dv); var s=iw[ce]('script');s.async='async';s.defer='defer';s.charset='utf-8';s.src=wp+\"\/\/jsc.mgid.com\/n\/o\/noticiastelered.com.290005.js?t=\"+D.getYear()+D.getMonth()+D.getUTCDate()+D.getUTCHours();c[ac](s);})(); <\/script><\/p>\n<\/div>\n<p><!-- Composite End --><\/p>","protected":false},"excerpt":{"rendered":"<p>AgenciasNoticias Telered CIUDAD VICTORIA.- Ante los acontecimientos ocurridos la ma\u00f1ana de este domingo en la zona norte del estado, el gobernador Am\u00e9rico Villarreal Anaya convoc\u00f3 a reuni\u00f3n extraordinaria a integrantes de la Mesa de Paz, donde instruy\u00f3 acciones a todas [&hellip;]<\/p>\n","protected":false},"author":2,"featured_media":112861,"comment_status":"open","ping_status":"open","sticky":false,"template":"","format":"standard","meta":[],"categories":[77,59],"tags":[],"_links":{"self":[{"href":"http:\/\/noticiastelered.com\/PortalDNoticias\/wp-json\/wp\/v2\/posts\/112858"}],"collection":[{"href":"http:\/\/noticiastelered.com\/PortalDNoticias\/wp-json\/wp\/v2\/posts"}],"about":[{"href":"http:\/\/noticiastelered.com\/PortalDNoticias\/wp-json\/wp\/v2\/types\/post"}],"author":[{"embeddable":true,"href":"http:\/\/noticiastelered.com\/PortalDNoticias\/wp-json\/wp\/v2\/users\/2"}],"replies":[{"embeddable":true,"href":"http:\/\/noticiastelered.com\/PortalDNoticias\/wp-json\/wp\/v2\/comments?post=112858"}],"version-history":[{"count":1,"href":"http:\/\/noticiastelered.com\/PortalDNoticias\/wp-json\/wp\/v2\/posts\/112858\/revisions"}],"predecessor-version":[{"id":112862,"href":"http:\/\/noticiastelered.com\/PortalDNoticias\/wp-json\/wp\/v2\/posts\/112858\/revisions\/112862"}],"wp:featuredmedia":[{"embeddable":true,"href":"http:\/\/noticiastelered.com\/PortalDNoticias\/wp-json\/wp\/v2\/media\/112861"}],"wp:attachment":[{"href":"http:\/\/noticiastelered.com\/PortalDNoticias\/wp-json\/wp\/v2\/media?parent=112858"}],"wp:term":[{"taxonomy":"category","embeddable":true,"href":"http:\/\/noticiastelered.com\/PortalDNoticias\/wp-json\/wp\/v2\/categories?post=112858"},{"taxonomy":"post_tag","embeddable":true,"href":"http:\/\/noticiastelered.com\/PortalDNoticias\/wp-json\/wp\/v2\/tags?post=112858"}],"curies":[{"name":"wp","href":"https:\/\/api.w.org\/{rel}","templated":true}]}}