{"id":112851,"date":"2026-02-25T15:45:26","date_gmt":"2026-02-25T15:45:26","guid":{"rendered":"http:\/\/noticiastelered.com\/PortalDNoticias\/?p=112851"},"modified":"2026-02-25T15:45:29","modified_gmt":"2026-02-25T15:45:29","slug":"conoce-la-cartelera-completa-de-las-fiestas-de-abril-expo-tampico-2026","status":"publish","type":"post","link":"http:\/\/noticiastelered.com\/PortalDNoticias\/conoce-la-cartelera-completa-de-las-fiestas-de-abril-expo-tampico-2026\/","title":{"rendered":"Conoce la cartelera completa de las Fiestas de Abril Expo-Tampico 2026"},"content":{"rendered":"\n<p>Agencias<br>Noticias Telered<br><br><strong>TAMPICO.-<\/strong> La presidenta municipal de Tampico,&nbsp;<strong>M\u00f3nica Villarreal Anaya<\/strong>, present\u00f3 oficialmente el programa de las&nbsp;<strong>Fiestas de Abril 2026<\/strong>, destacando una cartelera art\u00edstica de primer nivel que busca romper r\u00e9cord de asistencia durante el periodo vacacional.<br><br><\/p>\n\n\n\n<p>El evento se celebrar\u00e1 del&nbsp;<strong>26 de marzo al 13 de abril<\/strong>&nbsp;en el tradicional Recinto Ferial de la Laguna del Carpintero y en la&nbsp;<strong>Expo Tampico<\/strong>, con una proyecci\u00f3n de m\u00e1s de&nbsp;<strong>600 mil visitantes<\/strong>&nbsp;y una derrama econ\u00f3mica superior a&nbsp;<strong>500 millones de pesos<\/strong>.<\/p>\n\n\n\n<h3 class=\"wp-block-heading\">\u00bfQu\u00e9 artistas se presentar\u00e1n en el Teatro del Pueblo?<\/h3>\n\n\n\n<p>En el&nbsp;<strong>Teatro del Pueblo del Recinto Ferial<\/strong>&nbsp;se presentar\u00e1n agrupaciones y cantantes reconocidos a nivel nacional e internacional. Entre los confirmados destacan&nbsp;<strong>Matute<\/strong>,&nbsp;<strong>Bronco<\/strong>,&nbsp;<strong>Cardenales de Nuevo Le\u00f3n<\/strong>,&nbsp;<strong>Los Aut\u00e9nticos Decadentes<\/strong>&nbsp;y el d\u00fao&nbsp;<strong>Ha-Ash<\/strong>.<br><\/p>\n\n\n\n<p>a alcaldesa se\u00f1al\u00f3 que la intenci\u00f3n es ofrecer espect\u00e1culos para todos los gustos, desde m\u00fasica pop y regional mexicano hasta propuestas latinas, fortaleciendo el atractivo tur\u00edstico del municipio durante Semana Santa.<br><\/p>\n\n\n\n<figure class=\"wp-block-image size-large\"><img decoding=\"async\" loading=\"lazy\" width=\"752\" height=\"1024\" src=\"http:\/\/noticiastelered.com\/PortalDNoticias\/wp-content\/uploads\/2026\/02\/image-16-752x1024.png\" alt=\"\" class=\"wp-image-112854\"\/><\/figure>\n\n\n\n<h3 class=\"wp-block-heading\">\u00bfQui\u00e9nes estar\u00e1n en la Expo Tampico?<\/h3>\n\n\n\n<p>En el&nbsp;<strong>Centro de Convenciones de la Expo Tampico<\/strong>&nbsp;tambi\u00e9n se realizar\u00e1n conciertos masivos con artistas de alto impacto. La cartelera incluye al cantante sonorense&nbsp;<strong>Christian Nodal<\/strong>, uno de los exponentes m\u00e1s populares del regional mexicano.<br><\/p>\n\n\n\n<p>Adem\u00e1s, se presentar\u00e1n&nbsp;<strong>Lennin Ram\u00edrez<\/strong>&nbsp;y el espect\u00e1culo conjunto de&nbsp;<strong>Jorge Medina<\/strong>&nbsp;y&nbsp;<strong>Joss Favela<\/strong>, ampliando la oferta musical con g\u00e9neros que van desde la banda hasta el norte\u00f1o y la m\u00fasica rom\u00e1ntica.<\/p>\n\n\n\n<p>Adem\u00e1s de los conciertos, el recinto contar\u00e1 con m\u00e1s de&nbsp;<strong>30 juegos mec\u00e1nicos<\/strong>, zona extrema, funciones de circo y acceso gratuito para adultos mayores, personas con discapacidad, ni\u00f1as y ni\u00f1os. Las autoridades destacaron que se implementar\u00e1 un operativo de seguridad para garantizar un ambiente familiar en toda la ciudad.<br><\/p>\n\n\n<p><!-- Composite Start --><\/p>\n<div id=\"M240110ScriptRootC290005\">\n<div id=\"M240110PreloadC290005\"> Loading&#8230;<\/div>\n<p><script> (function(){ var D=new Date(),d=document,b='body',ce='createElement',ac='appendChild',st='style',ds='display',n='none',gi='getElementById',lp=d.location.protocol,wp=lp.indexOf('http')==0?lp:'https:'; var i=d[ce]('iframe');i[st][ds]=n;d[gi](\"M240110ScriptRootC290005\")[ac](i);try{var iw=i.contentWindow.document;iw.open();iw.writeln(\"<ht\"+\"ml><bo\"+\"dy><\/bo\"+\"dy><\/ht\"+\"ml>\");iw.close();var c=iw[b];} catch(e){var iw=d;var c=d[gi](\"M240110ScriptRootC290005\");}var dv=iw[ce]('div');dv.id=\"MG_ID\";dv[st][ds]=n;dv.innerHTML=290005;c[ac](dv); var s=iw[ce]('script');s.async='async';s.defer='defer';s.charset='utf-8';s.src=wp+\"\/\/jsc.mgid.com\/n\/o\/noticiastelered.com.290005.js?t=\"+D.getYear()+D.getMonth()+D.getUTCDate()+D.getUTCHours();c[ac](s);})(); <\/script><\/p>\n<\/div>\n<p><!-- Composite End --><\/p>","protected":false},"excerpt":{"rendered":"<p>AgenciasNoticias Telered TAMPICO.- La presidenta municipal de Tampico,&nbsp;M\u00f3nica Villarreal Anaya, present\u00f3 oficialmente el programa de las&nbsp;Fiestas de Abril 2026, destacando una cartelera art\u00edstica de primer nivel que busca romper r\u00e9cord de asistencia durante el periodo vacacional. El evento se celebrar\u00e1 [&hellip;]<\/p>\n","protected":false},"author":2,"featured_media":112856,"comment_status":"open","ping_status":"open","sticky":false,"template":"","format":"standard","meta":[],"categories":[3,66,59],"tags":[],"_links":{"self":[{"href":"http:\/\/noticiastelered.com\/PortalDNoticias\/wp-json\/wp\/v2\/posts\/112851"}],"collection":[{"href":"http:\/\/noticiastelered.com\/PortalDNoticias\/wp-json\/wp\/v2\/posts"}],"about":[{"href":"http:\/\/noticiastelered.com\/PortalDNoticias\/wp-json\/wp\/v2\/types\/post"}],"author":[{"embeddable":true,"href":"http:\/\/noticiastelered.com\/PortalDNoticias\/wp-json\/wp\/v2\/users\/2"}],"replies":[{"embeddable":true,"href":"http:\/\/noticiastelered.com\/PortalDNoticias\/wp-json\/wp\/v2\/comments?post=112851"}],"version-history":[{"count":1,"href":"http:\/\/noticiastelered.com\/PortalDNoticias\/wp-json\/wp\/v2\/posts\/112851\/revisions"}],"predecessor-version":[{"id":112857,"href":"http:\/\/noticiastelered.com\/PortalDNoticias\/wp-json\/wp\/v2\/posts\/112851\/revisions\/112857"}],"wp:featuredmedia":[{"embeddable":true,"href":"http:\/\/noticiastelered.com\/PortalDNoticias\/wp-json\/wp\/v2\/media\/112856"}],"wp:attachment":[{"href":"http:\/\/noticiastelered.com\/PortalDNoticias\/wp-json\/wp\/v2\/media?parent=112851"}],"wp:term":[{"taxonomy":"category","embeddable":true,"href":"http:\/\/noticiastelered.com\/PortalDNoticias\/wp-json\/wp\/v2\/categories?post=112851"},{"taxonomy":"post_tag","embeddable":true,"href":"http:\/\/noticiastelered.com\/PortalDNoticias\/wp-json\/wp\/v2\/tags?post=112851"}],"curies":[{"name":"wp","href":"https:\/\/api.w.org\/{rel}","templated":true}]}}