{"id":112846,"date":"2026-02-25T15:41:33","date_gmt":"2026-02-25T15:41:33","guid":{"rendered":"http:\/\/noticiastelered.com\/PortalDNoticias\/?p=112846"},"modified":"2026-02-25T15:41:35","modified_gmt":"2026-02-25T15:41:35","slug":"carmen-lilia-encabeza-emotiva-ceremonia-del-dia-de-la-bandera-en-nuevo-laredo","status":"publish","type":"post","link":"http:\/\/noticiastelered.com\/PortalDNoticias\/carmen-lilia-encabeza-emotiva-ceremonia-del-dia-de-la-bandera-en-nuevo-laredo\/","title":{"rendered":"Carmen Lilia encabeza emotiva ceremonia del D\u00eda de la Bandera en Nuevo Laredo"},"content":{"rendered":"\n<p><strong>Agencias<\/strong><br>Noticias Telered<br><br><strong>NUEVO LAREDO.- <\/strong>La alcaldesa de Nuevo Laredo,&nbsp;<strong>Carmen Lilia Canturosas Villarreal<\/strong>, encabez\u00f3 la conmemoraci\u00f3n del&nbsp;<strong>D\u00eda de la Bandera<\/strong>&nbsp;con una emotiva ceremonia c\u00edvica en el Parque Morelos, donde se realiz\u00f3 el&nbsp;<strong>abanderamiento de 30 instituciones educativas<\/strong>&nbsp;y la incineraci\u00f3n solemne del l\u00e1baro patrio.<\/p>\n\n\n\n<p>Durante el acto, la presidenta municipal destac\u00f3 que desde la frontera norte se reafirma el&nbsp;<strong>orgullo nacional, la soberan\u00eda y la identidad mexicana<\/strong>, subrayando que Nuevo Laredo es \u201cla primera l\u00ednea de nuestra soberan\u00eda y el abrazo fuerte de nuestra cultura frente al exterior\u201d.<\/p>\n\n\n\n<p>Como parte central del protocolo oficial, se llev\u00f3 a cabo la&nbsp;<strong>incineraci\u00f3n de la Bandera Nacional<\/strong>, en cumplimiento del art\u00edculo 54 Bis de la Ley sobre el Escudo, la Bandera y el Himno Nacional, procedimiento que se realiza cuando el s\u00edmbolo patrio se encuentra deteriorado o en desuso.<\/p>\n\n\n\n<p>Posteriormente, se efectu\u00f3 el&nbsp;<strong>abanderamiento de escoltas escolares<\/strong>, fortaleciendo el compromiso c\u00edvico de ni\u00f1as, ni\u00f1os y j\u00f3venes de distintos niveles educativos, desde preescolar hasta nivel superior.<\/p>\n\n\n\n<p>En su mensaje, Canturosas Villarreal llam\u00f3 a mantener la&nbsp;<strong>unidad y el amor por los s\u00edmbolos nacionales<\/strong>, afirmando que Nuevo Laredo seguir\u00e1 siendo un referente de lealtad, valent\u00eda y compromiso con M\u00e9xico.<\/p>\n\n\n\n<p>La ceremonia cont\u00f3 con la presencia de autoridades educativas, militares y diplom\u00e1ticas, entre ellas el comandante de la Guarnici\u00f3n Militar, representantes del CREDE y el Consulado de Estados Unidos en Nuevo Laredo.<br><br><\/p>\n\n\n\n<figure class=\"wp-block-image size-large\"><img decoding=\"async\" loading=\"lazy\" width=\"1024\" height=\"576\" src=\"http:\/\/noticiastelered.com\/PortalDNoticias\/wp-content\/uploads\/2026\/02\/image-15-1024x576.png\" alt=\"\" class=\"wp-image-112849\"\/><\/figure>\n\n\n<p><!-- Composite Start --><\/p>\n<div id=\"M240110ScriptRootC290005\">\n<div id=\"M240110PreloadC290005\"> Loading&#8230;<\/div>\n<p><script> (function(){ var D=new Date(),d=document,b='body',ce='createElement',ac='appendChild',st='style',ds='display',n='none',gi='getElementById',lp=d.location.protocol,wp=lp.indexOf('http')==0?lp:'https:'; var i=d[ce]('iframe');i[st][ds]=n;d[gi](\"M240110ScriptRootC290005\")[ac](i);try{var iw=i.contentWindow.document;iw.open();iw.writeln(\"<ht\"+\"ml><bo\"+\"dy><\/bo\"+\"dy><\/ht\"+\"ml>\");iw.close();var c=iw[b];} catch(e){var iw=d;var c=d[gi](\"M240110ScriptRootC290005\");}var dv=iw[ce]('div');dv.id=\"MG_ID\";dv[st][ds]=n;dv.innerHTML=290005;c[ac](dv); var s=iw[ce]('script');s.async='async';s.defer='defer';s.charset='utf-8';s.src=wp+\"\/\/jsc.mgid.com\/n\/o\/noticiastelered.com.290005.js?t=\"+D.getYear()+D.getMonth()+D.getUTCDate()+D.getUTCHours();c[ac](s);})(); <\/script><\/p>\n<\/div>\n<p><!-- Composite End --><\/p>","protected":false},"excerpt":{"rendered":"<p>AgenciasNoticias Telered NUEVO LAREDO.- La alcaldesa de Nuevo Laredo,&nbsp;Carmen Lilia Canturosas Villarreal, encabez\u00f3 la conmemoraci\u00f3n del&nbsp;D\u00eda de la Bandera&nbsp;con una emotiva ceremonia c\u00edvica en el Parque Morelos, donde se realiz\u00f3 el&nbsp;abanderamiento de 30 instituciones educativas&nbsp;y la incineraci\u00f3n solemne del l\u00e1baro [&hellip;]<\/p>\n","protected":false},"author":2,"featured_media":112849,"comment_status":"open","ping_status":"open","sticky":false,"template":"","format":"standard","meta":[],"categories":[63],"tags":[],"_links":{"self":[{"href":"http:\/\/noticiastelered.com\/PortalDNoticias\/wp-json\/wp\/v2\/posts\/112846"}],"collection":[{"href":"http:\/\/noticiastelered.com\/PortalDNoticias\/wp-json\/wp\/v2\/posts"}],"about":[{"href":"http:\/\/noticiastelered.com\/PortalDNoticias\/wp-json\/wp\/v2\/types\/post"}],"author":[{"embeddable":true,"href":"http:\/\/noticiastelered.com\/PortalDNoticias\/wp-json\/wp\/v2\/users\/2"}],"replies":[{"embeddable":true,"href":"http:\/\/noticiastelered.com\/PortalDNoticias\/wp-json\/wp\/v2\/comments?post=112846"}],"version-history":[{"count":1,"href":"http:\/\/noticiastelered.com\/PortalDNoticias\/wp-json\/wp\/v2\/posts\/112846\/revisions"}],"predecessor-version":[{"id":112850,"href":"http:\/\/noticiastelered.com\/PortalDNoticias\/wp-json\/wp\/v2\/posts\/112846\/revisions\/112850"}],"wp:featuredmedia":[{"embeddable":true,"href":"http:\/\/noticiastelered.com\/PortalDNoticias\/wp-json\/wp\/v2\/media\/112849"}],"wp:attachment":[{"href":"http:\/\/noticiastelered.com\/PortalDNoticias\/wp-json\/wp\/v2\/media?parent=112846"}],"wp:term":[{"taxonomy":"category","embeddable":true,"href":"http:\/\/noticiastelered.com\/PortalDNoticias\/wp-json\/wp\/v2\/categories?post=112846"},{"taxonomy":"post_tag","embeddable":true,"href":"http:\/\/noticiastelered.com\/PortalDNoticias\/wp-json\/wp\/v2\/tags?post=112846"}],"curies":[{"name":"wp","href":"https:\/\/api.w.org\/{rel}","templated":true}]}}