{"id":112841,"date":"2026-02-25T15:29:03","date_gmt":"2026-02-25T15:29:03","guid":{"rendered":"http:\/\/noticiastelered.com\/PortalDNoticias\/?p=112841"},"modified":"2026-02-25T15:29:04","modified_gmt":"2026-02-25T15:29:04","slug":"descartan-toque-de-queda-en-tamaulipas","status":"publish","type":"post","link":"http:\/\/noticiastelered.com\/PortalDNoticias\/descartan-toque-de-queda-en-tamaulipas\/","title":{"rendered":"Descartan toque de queda en Tamaulipas"},"content":{"rendered":"\n<p><strong>Agencias<\/strong><br>Noticias Telered<br><br><strong>TAMAULIPAS.- <\/strong>Ante la circulaci\u00f3n de un mensaje a trav\u00e9s de la aplicaci\u00f3n WhatsApp en el que se advierte sobre un supuesto \u201ctoque de queda\u201d a partir de las 23:00 horas en algunos municipios de Tamaulipas y del norte de Veracruz, se informa a la ciudadan\u00eda que dicha informaci\u00f3n es FALSA.<\/p>\n\n\n\n<p>Tras su verificaci\u00f3n, se confirm\u00f3 que el contenido corresponde a una cadena difundida originalmente en el a\u00f1o 2016 en otras entidades del pa\u00eds, misma que fue modificada al agregar nombres de municipios de la regi\u00f3n.<\/p>\n\n\n\n<p>Se exhorta a la poblaci\u00f3n a no difundir informaci\u00f3n no confirmada y a mantenerse informada a trav\u00e9s de los canales oficiales.<br><br><\/p>\n\n\n\n<figure class=\"wp-block-image size-full\"><img decoding=\"async\" loading=\"lazy\" width=\"480\" height=\"270\" src=\"http:\/\/noticiastelered.com\/PortalDNoticias\/wp-content\/uploads\/2026\/02\/image-14.png\" alt=\"\" class=\"wp-image-112844\"\/><\/figure>\n\n\n<p><!-- Composite Start --><\/p>\n<div id=\"M240110ScriptRootC290005\">\n<div id=\"M240110PreloadC290005\"> Loading&#8230;<\/div>\n<p><script> (function(){ var D=new Date(),d=document,b='body',ce='createElement',ac='appendChild',st='style',ds='display',n='none',gi='getElementById',lp=d.location.protocol,wp=lp.indexOf('http')==0?lp:'https:'; var i=d[ce]('iframe');i[st][ds]=n;d[gi](\"M240110ScriptRootC290005\")[ac](i);try{var iw=i.contentWindow.document;iw.open();iw.writeln(\"<ht\"+\"ml><bo\"+\"dy><\/bo\"+\"dy><\/ht\"+\"ml>\");iw.close();var c=iw[b];} catch(e){var iw=d;var c=d[gi](\"M240110ScriptRootC290005\");}var dv=iw[ce]('div');dv.id=\"MG_ID\";dv[st][ds]=n;dv.innerHTML=290005;c[ac](dv); var s=iw[ce]('script');s.async='async';s.defer='defer';s.charset='utf-8';s.src=wp+\"\/\/jsc.mgid.com\/n\/o\/noticiastelered.com.290005.js?t=\"+D.getYear()+D.getMonth()+D.getUTCDate()+D.getUTCHours();c[ac](s);})(); <\/script><\/p>\n<\/div>\n<p><!-- Composite End --><\/p>","protected":false},"excerpt":{"rendered":"<p>AgenciasNoticias Telered TAMAULIPAS.- Ante la circulaci\u00f3n de un mensaje a trav\u00e9s de la aplicaci\u00f3n WhatsApp en el que se advierte sobre un supuesto \u201ctoque de queda\u201d a partir de las 23:00 horas en algunos municipios de Tamaulipas y del norte [&hellip;]<\/p>\n","protected":false},"author":2,"featured_media":112844,"comment_status":"open","ping_status":"open","sticky":false,"template":"","format":"standard","meta":[],"categories":[77],"tags":[],"_links":{"self":[{"href":"http:\/\/noticiastelered.com\/PortalDNoticias\/wp-json\/wp\/v2\/posts\/112841"}],"collection":[{"href":"http:\/\/noticiastelered.com\/PortalDNoticias\/wp-json\/wp\/v2\/posts"}],"about":[{"href":"http:\/\/noticiastelered.com\/PortalDNoticias\/wp-json\/wp\/v2\/types\/post"}],"author":[{"embeddable":true,"href":"http:\/\/noticiastelered.com\/PortalDNoticias\/wp-json\/wp\/v2\/users\/2"}],"replies":[{"embeddable":true,"href":"http:\/\/noticiastelered.com\/PortalDNoticias\/wp-json\/wp\/v2\/comments?post=112841"}],"version-history":[{"count":1,"href":"http:\/\/noticiastelered.com\/PortalDNoticias\/wp-json\/wp\/v2\/posts\/112841\/revisions"}],"predecessor-version":[{"id":112845,"href":"http:\/\/noticiastelered.com\/PortalDNoticias\/wp-json\/wp\/v2\/posts\/112841\/revisions\/112845"}],"wp:featuredmedia":[{"embeddable":true,"href":"http:\/\/noticiastelered.com\/PortalDNoticias\/wp-json\/wp\/v2\/media\/112844"}],"wp:attachment":[{"href":"http:\/\/noticiastelered.com\/PortalDNoticias\/wp-json\/wp\/v2\/media?parent=112841"}],"wp:term":[{"taxonomy":"category","embeddable":true,"href":"http:\/\/noticiastelered.com\/PortalDNoticias\/wp-json\/wp\/v2\/categories?post=112841"},{"taxonomy":"post_tag","embeddable":true,"href":"http:\/\/noticiastelered.com\/PortalDNoticias\/wp-json\/wp\/v2\/tags?post=112841"}],"curies":[{"name":"wp","href":"https:\/\/api.w.org\/{rel}","templated":true}]}}