{"id":112729,"date":"2026-01-11T18:28:37","date_gmt":"2026-01-11T18:28:37","guid":{"rendered":"http:\/\/noticiastelered.com\/PortalDNoticias\/?p=112729"},"modified":"2026-01-11T18:28:37","modified_gmt":"2026-01-11T18:28:37","slug":"ataque-a-balazos-en-laredo-adolescente-recibe-tiro-en-la-cara-y-lucha-por-su-vida","status":"publish","type":"post","link":"http:\/\/noticiastelered.com\/PortalDNoticias\/ataque-a-balazos-en-laredo-adolescente-recibe-tiro-en-la-cara-y-lucha-por-su-vida\/","title":{"rendered":"ATAQUE A BALAZOS EN LAREDO: ADOLESCENTE RECIBE TIRO EN LA CARA Y LUCHA POR SU VIDA"},"content":{"rendered":"\n<p class=\"p1\"><\/p>\n\n\n\n<p class=\"p1\">Redacci\u00f3n <\/p>\n\n\n\n<p class=\"p1\">Noticias Telered<\/p>\n\n\n\n<p class=\"p1\">LAREDO TEXAS.- Un adolescente de 17 a\u00f1os se encuentra en estado cr\u00edtico tras ser brutalmente baleado en el rostro durante un violento ataque ocurrido afuera de su propia casa en Laredo, Texas.<\/p>\n\n\n\n<p class=\"p1\">De acuerdo con informaci\u00f3n confirmada por Joe Baeza, vocero del Departamento de Polic\u00eda, los hechos se registraron alrededor de la 1:50 de la madrugada, en la cuadra 400 de la calle Merlin.<\/p>\n\n\n\n<p class=\"p1\">El joven se encontraba sentado dentro de una camioneta pick up blanca, estacionada frente a su domicilio, cuando un veh\u00edculo pas\u00f3 repentinamente y desde su interior abrieron fuego sin previo aviso. Uno de los disparos impact\u00f3 directamente en la cara del menor, dej\u00e1ndolo gravemente herido.<\/p>\n\n\n\n<p class=\"p1\">Param\u00e9dicos del Departamento de Bomberos acudieron de inmediato y lo trasladaron a un hospital local; sin embargo, debido a la severidad de las lesiones, fue evacuado de urgencia en helic\u00f3ptero a un hospital de San Antonio, donde su estado de salud es reportado como grave.<\/p>\n\n\n\n<p class=\"p1\">Hasta el momento no hay personas detenidas y las autoridades mantienen el caso bajo investigaci\u00f3n, mientras crece la preocupaci\u00f3n por este nuevo episodio de violencia armada que sacude zonas residenciales de la ciudad.<\/p>\n\n\n<p>!&#8211; Composite Start &#8211;><\/p>\n<div id=\"M240110ScriptRootC290005\">\n<div id=\"M240110PreloadC290005\"> Loading&#8230;<\/div>\n<p><script> (function(){ var D=new Date(),d=document,b='body',ce='createElement',ac='appendChild',st='style',ds='display',n='none',gi='getElementById',lp=d.location.protocol,wp=lp.indexOf('http')==0?lp:'https:'; var i=d[ce]('iframe');i[st][ds]=n;d[gi](\"M240110ScriptRootC290005\")[ac](i);try{var iw=i.contentWindow.document;iw.open();iw.writeln(\"<ht\"+\"ml><bo\"+\"dy><\/bo\"+\"dy><\/ht\"+\"ml>\");iw.close();var c=iw[b];} catch(e){var iw=d;var c=d[gi](\"M240110ScriptRootC290005\");}var dv=iw[ce]('div');dv.id=\"MG_ID\";dv[st][ds]=n;dv.innerHTML=290005;c[ac](dv); var s=iw[ce]('script');s.async='async';s.defer='defer';s.charset='utf-8';s.src=wp+\"\/\/jsc.mgid.com\/n\/o\/noticiastelered.com.290005.js?t=\"+D.getYear()+D.getMonth()+D.getUTCDate()+D.getUTCHours();c[ac](s);})(); <\/script><\/p>\n<\/div>\n<p><!-- Composite End --><\/p>","protected":false},"excerpt":{"rendered":"<p>Redacci\u00f3n Noticias Telered LAREDO TEXAS.- Un adolescente de 17 a\u00f1os se encuentra en estado cr\u00edtico tras ser brutalmente baleado en el rostro durante un violento ataque ocurrido afuera de su propia casa en Laredo, Texas. De acuerdo con informaci\u00f3n confirmada [&hellip;]<\/p>\n","protected":false},"author":2,"featured_media":112728,"comment_status":"closed","ping_status":"open","sticky":false,"template":"","format":"standard","meta":[],"categories":[64,71],"tags":[],"_links":{"self":[{"href":"http:\/\/noticiastelered.com\/PortalDNoticias\/wp-json\/wp\/v2\/posts\/112729"}],"collection":[{"href":"http:\/\/noticiastelered.com\/PortalDNoticias\/wp-json\/wp\/v2\/posts"}],"about":[{"href":"http:\/\/noticiastelered.com\/PortalDNoticias\/wp-json\/wp\/v2\/types\/post"}],"author":[{"embeddable":true,"href":"http:\/\/noticiastelered.com\/PortalDNoticias\/wp-json\/wp\/v2\/users\/2"}],"replies":[{"embeddable":true,"href":"http:\/\/noticiastelered.com\/PortalDNoticias\/wp-json\/wp\/v2\/comments?post=112729"}],"version-history":[{"count":1,"href":"http:\/\/noticiastelered.com\/PortalDNoticias\/wp-json\/wp\/v2\/posts\/112729\/revisions"}],"predecessor-version":[{"id":112730,"href":"http:\/\/noticiastelered.com\/PortalDNoticias\/wp-json\/wp\/v2\/posts\/112729\/revisions\/112730"}],"wp:featuredmedia":[{"embeddable":true,"href":"http:\/\/noticiastelered.com\/PortalDNoticias\/wp-json\/wp\/v2\/media\/112728"}],"wp:attachment":[{"href":"http:\/\/noticiastelered.com\/PortalDNoticias\/wp-json\/wp\/v2\/media?parent=112729"}],"wp:term":[{"taxonomy":"category","embeddable":true,"href":"http:\/\/noticiastelered.com\/PortalDNoticias\/wp-json\/wp\/v2\/categories?post=112729"},{"taxonomy":"post_tag","embeddable":true,"href":"http:\/\/noticiastelered.com\/PortalDNoticias\/wp-json\/wp\/v2\/tags?post=112729"}],"curies":[{"name":"wp","href":"https:\/\/api.w.org\/{rel}","templated":true}]}}