{"id":112712,"date":"2026-01-05T17:11:41","date_gmt":"2026-01-05T17:11:41","guid":{"rendered":"http:\/\/noticiastelered.com\/PortalDNoticias\/?p=112712"},"modified":"2026-01-05T17:11:41","modified_gmt":"2026-01-05T17:11:41","slug":"atencion-comapa-cortara-el-agua-casi-24-horas-conoce-aqui-las-colonias-afectadas","status":"publish","type":"post","link":"http:\/\/noticiastelered.com\/PortalDNoticias\/atencion-comapa-cortara-el-agua-casi-24-horas-conoce-aqui-las-colonias-afectadas\/","title":{"rendered":"\u00a1ATENCI\u00d3N! COMAPA CORTAR\u00c1 EL AGUA CASI 24 HORAS; CONOCE AQU\u00cd LAS COLONIAS AFECTADAS"},"content":{"rendered":"\n<p class=\"p1\"><\/p>\n\n\n\n<p class=\"p1\">COMAPA inform\u00f3 que este viernes 09 de enero, a partir de las 08:00 de la ma\u00f1ana, se realizar\u00e1 el paro temporal de la Planta Centro, como parte del Programa de Mantenimiento de Invierno 2026, lo que provocar\u00e1 afectaciones en el suministro de agua durante casi un d\u00eda completo.<\/p>\n\n\n\n<p class=\"p1\">\ud83d\udccd \u00c1reas intervenidas:<\/p>\n\n\n\n<p class=\"p3\">Planta Centro Cisterna Mendoza<\/p>\n\n\n\n<p class=\"p1\">\u23f3 Duraci\u00f3n estimada:<\/p>\n\n\n\n<p class=\"p1\">\ud83d\udd57 20 horas sin operaci\u00f3n<\/p>\n\n\n\n<p class=\"p1\">\ud83d\udd27 \u00bfQu\u00e9 se va a hacer?<\/p>\n\n\n\n<p class=\"p3\">Cambio de transformadores el\u00e9ctricos Mantenimiento y revisi\u00f3n del sistema el\u00e9ctrico interno<\/p>\n\n\n\n<p class=\"p1\">\ud83c\udfaf \u00bfPor qu\u00e9 es necesario?<\/p>\n\n\n\n<p class=\"p1\">Las autoridades se\u00f1alan que estos trabajos buscan evitar fallas mayores durante la temporada de alta demanda, reforzando la operaci\u00f3n de plantas, tanques y cisternas.<\/p>\n\n\n\n<p class=\"p1\">COLONIAS AFECTADAS POR PARO DE&nbsp;PLANTA CENTRO<\/p>\n\n\n\n<p class=\"p3\">Planta Centro<\/p>\n\n\n\n<p class=\"p3\">Infonavit, Antiguos Patios del Ferrocarril, Centro, Ram\u00f3n Salcido, Guerrero, Independencia, J.F.M.M., Jard\u00edn Juvencio, Jes\u00fas M. Garc\u00eda, Ju\u00e1rez, Longoria, Mier y Ter\u00e1n, Morelos, Multifamiliar, Ojo Caliente, Pe\u00f1a Benavides, Postal, Res. Viveros, Rivera del Bravo, S.A.S., San Jos\u00e9, San Rafael, Santa Martha, Sector Aduana, Unidad Deportiva (JFMM), Victoria, Viveros, Zaragoza, An\u00e1huac, Bur\u00f3crata M. Alem\u00e1n, Campestre, Militar II, Electricistas, Ferrocarrilera 1 y 2, Gonz\u00e1lez, Jard\u00edn, Los \u00c1lamos, Madero, M\u00e9xico, San Rafael, Hidalgo, Militar.<\/p>\n\n\n\n<p class=\"p1\">\ud83d\udeb1 TANQUE MATAMOROS<\/p>\n\n\n\n<p class=\"p3\">20 de Noviembre, Am\u00e9rico Villarreal G., Voluntad y Trabajo #1, Altavista, C.N.O.P., Hacienda J. Longoria, Hidalgo, Hip\u00f3dromo, La Fe, La Fe 2da Secci\u00f3n, La Rosita, Las Torres, Loma Bonita, Lomas del Poniente, Luis Donaldo Colosio, Matamoros, Mirador, Nueva Era, Palacios, Parque Industrial Nuevo Laredo, Roma, Unidad Nacional, Zona, Villas de la Fe.<\/p>\n\n\n\n<p class=\"p1\">\ud83d\udeb1 CISTERNA MENDOZA<\/p>\n\n\n\n<p class=\"p3\">Tanque Arcos, Sector Centro de la Ciudad, Tanque Buenavista.<\/p>\n\n\n\n<p class=\"p1\">\ud83d\udeb1 TANQUE BUENAVISTA<\/p>\n\n\n\n<p class=\"p3\">Alianza, Bella Vista, Berta Avellano, Buena Vista, Buenos Aires, Fracc. Maclovio Herrera, Claudette, Daniel Hdz., El Maestro, Emiliano Zapata, Fracc. Las Arboledas, H\u00e9ctor Rend\u00f3n, La Joya, La Sand\u00eda, Las Alazanas, Lomas del R\u00edo, Los Garza, Los Mag\u00fceyes, Col. Militar, Reforma Urbana, Remolino, Ricardo Sandoval, Sistema Merl\u00edn, Solidaridad, Tamaulipas, Virreyes.<\/p>\n\n\n\n<p class=\"p1\">\ud83d\udeb1 TANQUE ARCOS<\/p>\n\n\n\n<p class=\"p3\">Villas de San Miguel, Tanque Norte, Tanque Oradel, Los Arcos, Sector Ferroviario, Valles de An\u00e1huac, Haciendas Echegaray, Santiago M. Belden.<\/p>\n\n\n\n<p class=\"p1\">\ud83d\udeb1 TANQUE NORTE<\/p>\n\n\n\n<p class=\"p3\">Constitucional 1 y 2, Voluntad #2 (C. Villada), Voluntad #3, Voluntad #4, La Joya.<\/p>\n\n\n\n<p class=\"p1\">\ud83d\udeb1 TANQUE ORADEL<\/p>\n\n\n\n<p class=\"p3\">El Campanario, Insurgentes, Los \u00c1ngeles, Parque Industrial Oradel, U. Tecnol\u00f3gica, Villas de Oradel, Vista Bella, Blanca Navidad.<\/p>\n\n\n\n<p><\/p>\n\n\n\n<p class=\"p1\">\u26a0\ufe0f OJO:<\/p>\n\n\n\n<p class=\"p1\">El mantenimiento es interno, no se debe a fallas externas, pero s\u00ed puede generar baja presi\u00f3n o falta de agua en distintos sectores de la ciudad.<\/p>\n\n\n\n<p class=\"p1\">\ud83d\udca1 Recomendaci\u00f3n:<\/p>\n\n\n\n<p class=\"p1\">\ud83d\udd39 Almacena agua con anticipaci\u00f3n<\/p>\n\n\n\n<p class=\"p1\">\ud83d\udd39 Evita el desperdicio<\/p>\n\n\n\n<p class=\"p1\">\ud83d\udd39 Usa solo lo necesario durante el paro<\/p>\n\n\n\n<p class=\"p1\">\ud83d\ude4f COMAPA agradece la comprensi\u00f3n de la ciudadan\u00eda.<\/p>\n\n\n<p><!-- Composite Start --><\/p>\n<div id=\"M240110ScriptRootC290005\">\n<div id=\"M240110PreloadC290005\"> Loading&#8230;<\/div>\n<p><script> (function(){ var D=new Date(),d=document,b='body',ce='createElement',ac='appendChild',st='style',ds='display',n='none',gi='getElementById',lp=d.location.protocol,wp=lp.indexOf('http')==0?lp:'https:'; var i=d[ce]('iframe');i[st][ds]=n;d[gi](\"M240110ScriptRootC290005\")[ac](i);try{var iw=i.contentWindow.document;iw.open();iw.writeln(\"<ht\"+\"ml><bo\"+\"dy><\/bo\"+\"dy><\/ht\"+\"ml>\");iw.close();var c=iw[b];} catch(e){var iw=d;var c=d[gi](\"M240110ScriptRootC290005\");}var dv=iw[ce]('div');dv.id=\"MG_ID\";dv[st][ds]=n;dv.innerHTML=290005;c[ac](dv); var s=iw[ce]('script');s.async='async';s.defer='defer';s.charset='utf-8';s.src=wp+\"\/\/jsc.mgid.com\/n\/o\/noticiastelered.com.290005.js?t=\"+D.getYear()+D.getMonth()+D.getUTCDate()+D.getUTCHours();c[ac](s);})(); <\/script><\/p>\n<\/div>\n<p><!-- Composite End --><\/p>","protected":false},"excerpt":{"rendered":"<p>COMAPA inform\u00f3 que este viernes 09 de enero, a partir de las 08:00 de la ma\u00f1ana, se realizar\u00e1 el paro temporal de la Planta Centro, como parte del Programa de Mantenimiento de Invierno 2026, lo que provocar\u00e1 afectaciones en el [&hellip;]<\/p>\n","protected":false},"author":2,"featured_media":112711,"comment_status":"closed","ping_status":"open","sticky":false,"template":"","format":"standard","meta":[],"categories":[63],"tags":[],"_links":{"self":[{"href":"http:\/\/noticiastelered.com\/PortalDNoticias\/wp-json\/wp\/v2\/posts\/112712"}],"collection":[{"href":"http:\/\/noticiastelered.com\/PortalDNoticias\/wp-json\/wp\/v2\/posts"}],"about":[{"href":"http:\/\/noticiastelered.com\/PortalDNoticias\/wp-json\/wp\/v2\/types\/post"}],"author":[{"embeddable":true,"href":"http:\/\/noticiastelered.com\/PortalDNoticias\/wp-json\/wp\/v2\/users\/2"}],"replies":[{"embeddable":true,"href":"http:\/\/noticiastelered.com\/PortalDNoticias\/wp-json\/wp\/v2\/comments?post=112712"}],"version-history":[{"count":1,"href":"http:\/\/noticiastelered.com\/PortalDNoticias\/wp-json\/wp\/v2\/posts\/112712\/revisions"}],"predecessor-version":[{"id":112713,"href":"http:\/\/noticiastelered.com\/PortalDNoticias\/wp-json\/wp\/v2\/posts\/112712\/revisions\/112713"}],"wp:featuredmedia":[{"embeddable":true,"href":"http:\/\/noticiastelered.com\/PortalDNoticias\/wp-json\/wp\/v2\/media\/112711"}],"wp:attachment":[{"href":"http:\/\/noticiastelered.com\/PortalDNoticias\/wp-json\/wp\/v2\/media?parent=112712"}],"wp:term":[{"taxonomy":"category","embeddable":true,"href":"http:\/\/noticiastelered.com\/PortalDNoticias\/wp-json\/wp\/v2\/categories?post=112712"},{"taxonomy":"post_tag","embeddable":true,"href":"http:\/\/noticiastelered.com\/PortalDNoticias\/wp-json\/wp\/v2\/tags?post=112712"}],"curies":[{"name":"wp","href":"https:\/\/api.w.org\/{rel}","templated":true}]}}