{"id":112610,"date":"2025-09-23T13:34:22","date_gmt":"2025-09-23T13:34:22","guid":{"rendered":"http:\/\/noticiastelered.com\/PortalDNoticias\/?p=112610"},"modified":"2025-09-23T13:34:22","modified_gmt":"2025-09-23T13:34:22","slug":"queremos-justicia-clamor-de-la-familia-de-una-mujer-asesinada-por-un-militar-en-nuevo-laredo","status":"publish","type":"post","link":"http:\/\/noticiastelered.com\/PortalDNoticias\/queremos-justicia-clamor-de-la-familia-de-una-mujer-asesinada-por-un-militar-en-nuevo-laredo\/","title":{"rendered":"\u201cQueremos justicia\u201d: clamor de la familia de una mujer asesinada por un militar en Nuevo Laredo"},"content":{"rendered":"\n<p><\/p>\n\n\n\n<p><\/p>\n\n\n\n<p>Nuevo Laredo, Tamaulipas, a 23 de septiembre de 2025.\u2014 El asesinato de una madre de familia, estrangulada en un inmueble de la colonia La Paz entre el 26 y 27 de junio, ha estremecido a la ciudadan\u00eda de ambos Laredos. El crimen dej\u00f3 a dos peque\u00f1os en la orfandad: una ni\u00f1a de 10 a\u00f1os y un ni\u00f1o de 8, quienes a\u00fan no comprenden el motivo que les arrebat\u00f3 a su madre.<\/p>\n\n\n\n<p>El presunto responsable, identificado como el soldado Rub\u00e9n \u201cN\u201d, huy\u00f3 tras el crimen. Durante semanas permaneci\u00f3 oculto, hasta que el 17 de septiembre, a las 15:15 horas, fue detenido en un hotel de la calle Gonz\u00e1lez, entre Galeana y Ocampo. Vest\u00eda una simple playera negra, pantal\u00f3n de mezclilla azul y tenis oscuros, pero sobre \u00e9l pesaba la acusaci\u00f3n m\u00e1s grave: feminicidio.<\/p>\n\n\n\n<p>\u201cElla no muri\u00f3 por accidente, Rub\u00e9n la mat\u00f3 con sus propias manos. No queremos pretextos ni privilegios, queremos justicia\u201d, reclam\u00f3 entre sollozos una de sus familiares al enterarse de la detenci\u00f3n. Otro pariente fue m\u00e1s directo: \u201cTememos que lo protejan porque es militar. No vamos a permitir que se burlen de su memoria. Ella dej\u00f3 a dos ni\u00f1os solos, y su asesino tiene que pagar con c\u00e1rcel\u201d.<\/p>\n\n\n\n<p>De acuerdo con el C\u00f3digo Penal de Tamaulipas, art\u00edculo 337 bis, este delito se castiga con penas de 40 a 60 a\u00f1os de prisi\u00f3n. Un Juez de Control vincul\u00f3 a proceso al imputado, dict\u00f3 prisi\u00f3n preventiva justificada y otorg\u00f3 tres meses para la investigaci\u00f3n complementaria.<\/p>\n\n\n\n<p>Sin embargo, mientras la Fiscal\u00eda confirmaba su detenci\u00f3n, los familiares del soldado difundieron la versi\u00f3n falsa de que estaba desaparecido, intentando desviar la atenci\u00f3n p\u00fablica. Autoridades estatales desmintieron esa informaci\u00f3n y reiteraron que el militar se encuentra bajo resguardo y sujeto a proceso penal.<\/p>\n\n\n\n<p>\u201cEl Ej\u00e9rcito no puede ser un escudo para la impunidad. Ella ten\u00eda sue\u00f1os, ten\u00eda hijos que ahora se quedaron sin madre. Queremos justicia real, no palabras\u201d, expres\u00f3 la familia de la v\u00edctima.<\/p>\n\n\n\n<p>Hoy, entre la frialdad de los expedientes judiciales y el dolor de dos menores hu\u00e9rfanos, el caso se convierte en un grito urgente contra la violencia feminicida en Tamaulipas: que ni el uniforme ni las influencias impidan que el crimen se castigue.<\/p>\n\n\n\n<p>La Fiscal\u00eda General de Justicia del Estado de Tamaulipas confirm\u00f3 que un Juez de Control vincul\u00f3 a proceso a Rub\u00e9n \u201cS.\u201d por feminicidio, luego de que el Ministerio P\u00fablico presentara pruebas de su probable participaci\u00f3n en los hechos ocurridos entre el 26 y 27 de junio. La autoridad judicial impuso prisi\u00f3n preventiva justificada y fij\u00f3 un plazo de tres meses para el cierre de la investigaci\u00f3n complementaria.<\/p>\n\n\n\n<p>Mientras tanto, el eco de la exigencia familiar persiste: justicia plena para una madre arrebatada a manos de un militar en activo.<\/p>\n\n\n\n<h1 class=\"wp-block-heading\"><\/h1>\n\n\n\n<p><\/p>\n","protected":false},"excerpt":{"rendered":"<p>Nuevo Laredo, Tamaulipas, a 23 de septiembre de 2025.\u2014 El asesinato de una madre de familia, estrangulada en un inmueble de la colonia La Paz entre el 26 y 27 de junio, ha estremecido a la ciudadan\u00eda de ambos Laredos. [&hellip;]<\/p>\n","protected":false},"author":2,"featured_media":112609,"comment_status":"closed","ping_status":"open","sticky":false,"template":"","format":"standard","meta":[],"categories":[77],"tags":[],"_links":{"self":[{"href":"http:\/\/noticiastelered.com\/PortalDNoticias\/wp-json\/wp\/v2\/posts\/112610"}],"collection":[{"href":"http:\/\/noticiastelered.com\/PortalDNoticias\/wp-json\/wp\/v2\/posts"}],"about":[{"href":"http:\/\/noticiastelered.com\/PortalDNoticias\/wp-json\/wp\/v2\/types\/post"}],"author":[{"embeddable":true,"href":"http:\/\/noticiastelered.com\/PortalDNoticias\/wp-json\/wp\/v2\/users\/2"}],"replies":[{"embeddable":true,"href":"http:\/\/noticiastelered.com\/PortalDNoticias\/wp-json\/wp\/v2\/comments?post=112610"}],"version-history":[{"count":1,"href":"http:\/\/noticiastelered.com\/PortalDNoticias\/wp-json\/wp\/v2\/posts\/112610\/revisions"}],"predecessor-version":[{"id":112611,"href":"http:\/\/noticiastelered.com\/PortalDNoticias\/wp-json\/wp\/v2\/posts\/112610\/revisions\/112611"}],"wp:featuredmedia":[{"embeddable":true,"href":"http:\/\/noticiastelered.com\/PortalDNoticias\/wp-json\/wp\/v2\/media\/112609"}],"wp:attachment":[{"href":"http:\/\/noticiastelered.com\/PortalDNoticias\/wp-json\/wp\/v2\/media?parent=112610"}],"wp:term":[{"taxonomy":"category","embeddable":true,"href":"http:\/\/noticiastelered.com\/PortalDNoticias\/wp-json\/wp\/v2\/categories?post=112610"},{"taxonomy":"post_tag","embeddable":true,"href":"http:\/\/noticiastelered.com\/PortalDNoticias\/wp-json\/wp\/v2\/tags?post=112610"}],"curies":[{"name":"wp","href":"https:\/\/api.w.org\/{rel}","templated":true}]}}