{"id":112607,"date":"2025-09-22T16:47:20","date_gmt":"2025-09-22T16:47:20","guid":{"rendered":"http:\/\/noticiastelered.com\/PortalDNoticias\/?p=112607"},"modified":"2025-09-22T16:47:20","modified_gmt":"2025-09-22T16:47:20","slug":"fiscalia-general-de-justicia-comunicacion-social","status":"publish","type":"post","link":"http:\/\/noticiastelered.com\/PortalDNoticias\/fiscalia-general-de-justicia-comunicacion-social\/","title":{"rendered":"FISCAL\u00cdA GENERAL DE JUSTICIA.COMUNICACI\u00d3N SOCIAL."},"content":{"rendered":"\n<p><\/p>\n\n\n\n<p>Septiembre 21 del 2025<br \/>FGJE-492-20254<\/p>\n\n\n\n<p>Nuevo Laredo, Tamaulipas.- La Fiscal\u00eda General de Justicia del Estado de Tamaulipas informa que el Agente del Ministerio P\u00fablico obtuvo vinculaci\u00f3n a proceso en contra de Rub\u00e9n \u201cS\u201d, por el delito de Feminicidio.<br \/>Un Juez de Control emiti\u00f3 la resoluci\u00f3n despu\u00e9s de que el Representante Social presentara datos de prueba que acreditan la probable participaci\u00f3n del imputado en los hechos ocurridos entre el 26 y 27 de junio del presente a\u00f1o, en un inmueble de la colonia La Paz, de esta ciudad.<br \/>La autoridad judicial, a petici\u00f3n del Agente del Ministerio P\u00fablico impuso medida cautelar de Prisi\u00f3n Preventiva Justificada y concedi\u00f3 un plazo de tres meses para la investigaci\u00f3n complementaria.<\/p>\n\n\n\n<h2 class=\"wp-block-heading\">Con acciones como esta, la Fiscal\u00eda General de Justicia del Estado de Tamaulipas reafirma su compromiso de no dejar impunes los delitos que atentan contra la vida y seguridad de las mujeres tamaulipecas.<\/h2>\n","protected":false},"excerpt":{"rendered":"<p>Septiembre 21 del 2025FGJE-492-20254 Nuevo Laredo, Tamaulipas.- La Fiscal\u00eda General de Justicia del Estado de Tamaulipas informa que el Agente del Ministerio P\u00fablico obtuvo vinculaci\u00f3n a proceso en contra de Rub\u00e9n \u201cS\u201d, por el delito de Feminicidio.Un Juez de Control [&hellip;]<\/p>\n","protected":false},"author":2,"featured_media":112606,"comment_status":"closed","ping_status":"open","sticky":false,"template":"","format":"standard","meta":[],"categories":[77],"tags":[],"_links":{"self":[{"href":"http:\/\/noticiastelered.com\/PortalDNoticias\/wp-json\/wp\/v2\/posts\/112607"}],"collection":[{"href":"http:\/\/noticiastelered.com\/PortalDNoticias\/wp-json\/wp\/v2\/posts"}],"about":[{"href":"http:\/\/noticiastelered.com\/PortalDNoticias\/wp-json\/wp\/v2\/types\/post"}],"author":[{"embeddable":true,"href":"http:\/\/noticiastelered.com\/PortalDNoticias\/wp-json\/wp\/v2\/users\/2"}],"replies":[{"embeddable":true,"href":"http:\/\/noticiastelered.com\/PortalDNoticias\/wp-json\/wp\/v2\/comments?post=112607"}],"version-history":[{"count":1,"href":"http:\/\/noticiastelered.com\/PortalDNoticias\/wp-json\/wp\/v2\/posts\/112607\/revisions"}],"predecessor-version":[{"id":112608,"href":"http:\/\/noticiastelered.com\/PortalDNoticias\/wp-json\/wp\/v2\/posts\/112607\/revisions\/112608"}],"wp:featuredmedia":[{"embeddable":true,"href":"http:\/\/noticiastelered.com\/PortalDNoticias\/wp-json\/wp\/v2\/media\/112606"}],"wp:attachment":[{"href":"http:\/\/noticiastelered.com\/PortalDNoticias\/wp-json\/wp\/v2\/media?parent=112607"}],"wp:term":[{"taxonomy":"category","embeddable":true,"href":"http:\/\/noticiastelered.com\/PortalDNoticias\/wp-json\/wp\/v2\/categories?post=112607"},{"taxonomy":"post_tag","embeddable":true,"href":"http:\/\/noticiastelered.com\/PortalDNoticias\/wp-json\/wp\/v2\/tags?post=112607"}],"curies":[{"name":"wp","href":"https:\/\/api.w.org\/{rel}","templated":true}]}}