{"id":112496,"date":"2025-08-31T04:06:14","date_gmt":"2025-08-31T04:06:14","guid":{"rendered":"http:\/\/noticiastelered.com\/PortalDNoticias\/?p=112496"},"modified":"2025-08-31T04:06:14","modified_gmt":"2025-08-31T04:06:14","slug":"familias-de-victimas-de-desaparicion-forzada-por-la-marina-exigen-justicia-en-nuevo-laredo","status":"publish","type":"post","link":"http:\/\/noticiastelered.com\/PortalDNoticias\/familias-de-victimas-de-desaparicion-forzada-por-la-marina-exigen-justicia-en-nuevo-laredo\/","title":{"rendered":"Familias de v\u00edctimas de desaparici\u00f3n forzada por la Marina exigen justicia en Nuevo Laredo"},"content":{"rendered":"\n<p><\/p>\n\n\n\n<p>Nuevo Laredo, Tam.\u2013 En el marco del D\u00eda Internacional de las V\u00edctimas de Desaparici\u00f3n Forzada, familiares y amigos de personas desaparecidas por elementos de la Secretar\u00eda de Marina en 2018 se reunieron en el Memorial a las V\u00edctimas para recordar a quienes fueron arrebatados en operativos militares que hasta hoy permanecen impunes.<\/p>\n\n\n\n<p>El presidente del Comit\u00e9 de Derechos Humanos de Nuevo Laredo, Raymundo Ramos V\u00e1zquez, denunci\u00f3 que la reuni\u00f3n busca mantener viva la memoria y exigir justicia:<\/p>\n\n\n\n<p>\u201cSi ya tenemos los nombres de las v\u00edctimas, de los j\u00f3venes, de los se\u00f1ores, de las mujeres que est\u00e1n desaparecidas desde 2018 por Marina y aquellos que fueron encontrados sin vida, ahora traemos sus im\u00e1genes para que la gente que pase por este lugar recuerde, conozca y sepa que todav\u00eda estamos buscando. De enero a mayo de 2018 desaparecieron de manera forzada por un operativo de la Secretar\u00eda de la Marina y del cual todav\u00eda sigue impune\u201d.<\/p>\n\n\n\n<p>Ramos explic\u00f3 que en Nuevo Laredo se instalaron fotograf\u00edas y mosaicos con los rostros de las v\u00edctimas, iniciativa de las familias afectadas.<\/p>\n\n\n\n<p>\u201cLo que estamos haciendo con ello es recordarles y dignificar su memoria. Este memorial no es exclusivo de las v\u00edctimas de 2018, queremos compartirlo con todas las familias que han sufrido desapariciones, como el caso de Mart\u00edn Rico Garc\u00eda, desaparecido en junio de 2011 tambi\u00e9n por personal de Marina\u201d, se\u00f1al\u00f3.<\/p>\n\n\n\n<p>De acuerdo con el Comit\u00e9, se han documentado al menos 23 desapariciones forzadas cometidas por la Marina en 2018, aunque la cifra real podr\u00eda ser mayor, pues algunas familias denunciaron directamente ante el Ministerio P\u00fablico o se vieron obligadas a huir por miedo a represalias. Entre las v\u00edctimas hay menores de edad, mujeres y personas que no eran originarias de Nuevo Laredo.<\/p>\n\n\n\n<p>\u201cSiete a\u00f1os esperando respuestas\u201d<\/p>\n\n\n\n<p>Las madres de los desaparecidos, con evidente dolor, exigieron que las autoridades federales y estatales dejen de ignorar sus reclamos. Erika Arredondo, madre de Julio C\u00e9sar Viramontes, reclam\u00f3:<\/p>\n\n\n\n<p>\u201cTenemos siete a\u00f1os sin saber nada de nuestros familiares, sin haber marinos presos. Nos sentimos abandonados. Seguimos esperando justicia, seguimos esperando raz\u00f3n de nuestros hijos y que se acuerden de nosotros. \u201d Que alguien nos escuche, la Presidenta Claudia Sheinbaum, la Fiscal\u00eda General de la Rep\u00fablica, la Comisionada de Atenci\u00f3n a V\u00edctimas,&nbsp; pero que nos den una respuesta para saber de nuestros familiares\u201d.<\/p>\n\n\n\n<p>Durante la conmemoraci\u00f3n tambi\u00e9n se mencion\u00f3 la proyecci\u00f3n de un documental realizado sobre el caso de desapariciones de 2018. Aunque no abarca todos los testimonios, las familias consideran que \u201crepresenta la magnitud de la tragedia\u201d.<\/p>\n\n\n\n<p>Entre arreglos al memorial, fotograf\u00edas y mosaicos, las familias reiteraron que la herida sigue abierta y que, a pesar del abandono institucional, no dejar\u00e1n de buscar justicia.<\/p>\n\n\n\n<p>\u201cEste d\u00eda no es nada agradable por la ausencia de nuestros seres queridos, por la desesperaci\u00f3n y la impotencia. Pero aqu\u00ed estamos, presentes, recordando que la Marina desapareci\u00f3 a nuestros hijos y que seguimos esperando justicia\u201d, expres\u00f3&nbsp; la se\u00f1ora Erika Arredondo.<\/p>\n","protected":false},"excerpt":{"rendered":"<p>Nuevo Laredo, Tam.\u2013 En el marco del D\u00eda Internacional de las V\u00edctimas de Desaparici\u00f3n Forzada, familiares y amigos de personas desaparecidas por elementos de la Secretar\u00eda de Marina en 2018 se reunieron en el Memorial a las V\u00edctimas para recordar [&hellip;]<\/p>\n","protected":false},"author":2,"featured_media":112495,"comment_status":"closed","ping_status":"open","sticky":false,"template":"","format":"standard","meta":[],"categories":[77],"tags":[],"_links":{"self":[{"href":"http:\/\/noticiastelered.com\/PortalDNoticias\/wp-json\/wp\/v2\/posts\/112496"}],"collection":[{"href":"http:\/\/noticiastelered.com\/PortalDNoticias\/wp-json\/wp\/v2\/posts"}],"about":[{"href":"http:\/\/noticiastelered.com\/PortalDNoticias\/wp-json\/wp\/v2\/types\/post"}],"author":[{"embeddable":true,"href":"http:\/\/noticiastelered.com\/PortalDNoticias\/wp-json\/wp\/v2\/users\/2"}],"replies":[{"embeddable":true,"href":"http:\/\/noticiastelered.com\/PortalDNoticias\/wp-json\/wp\/v2\/comments?post=112496"}],"version-history":[{"count":1,"href":"http:\/\/noticiastelered.com\/PortalDNoticias\/wp-json\/wp\/v2\/posts\/112496\/revisions"}],"predecessor-version":[{"id":112497,"href":"http:\/\/noticiastelered.com\/PortalDNoticias\/wp-json\/wp\/v2\/posts\/112496\/revisions\/112497"}],"wp:featuredmedia":[{"embeddable":true,"href":"http:\/\/noticiastelered.com\/PortalDNoticias\/wp-json\/wp\/v2\/media\/112495"}],"wp:attachment":[{"href":"http:\/\/noticiastelered.com\/PortalDNoticias\/wp-json\/wp\/v2\/media?parent=112496"}],"wp:term":[{"taxonomy":"category","embeddable":true,"href":"http:\/\/noticiastelered.com\/PortalDNoticias\/wp-json\/wp\/v2\/categories?post=112496"},{"taxonomy":"post_tag","embeddable":true,"href":"http:\/\/noticiastelered.com\/PortalDNoticias\/wp-json\/wp\/v2\/tags?post=112496"}],"curies":[{"name":"wp","href":"https:\/\/api.w.org\/{rel}","templated":true}]}}