{"id":112490,"date":"2025-08-26T18:51:35","date_gmt":"2025-08-26T18:51:35","guid":{"rendered":"http:\/\/noticiastelered.com\/PortalDNoticias\/?p=112490"},"modified":"2025-08-26T18:51:35","modified_gmt":"2025-08-26T18:51:35","slug":"capitan-de-la-marina-espera-sentencia-condenatoria-por-homicidio-calificado","status":"publish","type":"post","link":"http:\/\/noticiastelered.com\/PortalDNoticias\/capitan-de-la-marina-espera-sentencia-condenatoria-por-homicidio-calificado\/","title":{"rendered":"Capit\u00e1n de la Marina espera sentencia condenatoria por homicidio calificado"},"content":{"rendered":"\n<p><\/p>\n\n\n\n<p><\/p>\n\n\n\n<ul class=\"wp-block-list\">\n<li>La v\u00edctima es el ingeniero Armando Humberto del Bosque Villareal,<br>egresado del Tec de Monterrey<\/li>\n\n\n\n<li>Actualmente el Capit\u00e1n y 3 marineros cumplen sentencias por Desaparici\u00f3n Forzada<\/li>\n\n\n\n<li>Otro marinero \u201cse suicid\u00f3\u201d en el Campo Militar N\u00famero 1 durante el juicio<\/li>\n<\/ul>\n\n\n\n<p>Nuevo Laredo, Tamaulipas, a 22 de Agosto del 2025.- En su desesperaci\u00f3n por enfrentar una condena que lo mantendr\u00eda de por vida en una prisi\u00f3n militar, el Capit\u00e1n de la Marina Ra\u00fal S\u00e1nchez Labrada ha intensificado una campa\u00f1a de desinformaci\u00f3n para sorprender a periodistas y ciudadanos intentando hacerse la v\u00edctima de la desaparici\u00f3n forzada del ingeniero Armando Humberto del Bosque Villareal ocurrido el 3 de agosto del 2013 en el poblado de Colombia, Nuevo Le\u00f3n.<\/p>\n\n\n\n<p>Aprovechando sus influencias como integrante de la Marina Armada de M\u00e9xico, S\u00e1nchez Labrada ha ofrecido varias entrevistas dentro del Campo Militar N\u00famero 1 en donde actualmente se encuentra preso, pero sin tomar en cuenta a sus compa\u00f1eros procesados que no gozan de los mismos beneficios y privilegios.<\/p>\n\n\n\n<p>Algunas de las mentiras y omisiones que el Capit\u00e1n S\u00e1nchez Labrada ha difundido a trav\u00e9s de diferentes medios de comunicaci\u00f3n, reporteros progubernamentales y comentaristas de redes sociales son las siguientes:<\/p>\n\n\n\n<p>1.- Desea salir de prisi\u00f3n demostrando su \u201cInocencia\u201d. La realidad es que enfrenta una Sentencia Firme por Desaparici\u00f3n Forzada de 9 a\u00f1os y cuatro meses de prisi\u00f3n dentro del Proceso Penal 9\/2021 con calidad de penalmente responsable junto a los marineros Alfi Ahumada Espinoza, Carlos Ad\u00e1n Verdugo Camarillas y Eliseo S\u00e1nchez Padr\u00f3n.<\/p>\n\n\n\n<p>Otro de los marinos Renato Ju\u00e1rez Arellanes muri\u00f3 dentro del Campo Militar N\u00famero Uno en un aparente \u201csuicidio\u201d. Sus familiares consideran que fue silenciado por querer denunciar al capit\u00e1n S\u00e1nchez Labrada.<\/p>\n\n\n\n<p>Para el cumplimiento total de esta sentencia antes deber\u00e1n realizarse las siguientes acciones: Reparaci\u00f3n del Da\u00f1o, Disculpa P\u00fablica por parte de la Secretar\u00eda de Marina y la instalaci\u00f3n de un Memorial que honre la honorabilidad de la v\u00edctima Armando Humberto del Bosque Villareal. Ninguna de estas acciones se ha realizado hasta el momento.<\/p>\n\n\n\n<p>2.- Actualmente S\u00e1nchez Labrada enfrenta el proceso penal 33\/2024 en el Juzgado Cuarto de Distrito con sede en Monterrey, Nuevo Le\u00f3n por el delito de Homicidio Calificado de la misma v\u00edctima, el ingeniero Armando Humberto del Bosque Villareal, cuyos restos fueron localizados con un disparo en la parte posterior de su cabeza el 3 de octubre del mismo a\u00f1o en el interior del rancho Santa Cecilia, a menos de dos kil\u00f3metros de la Base de Operaciones que la Secretar\u00eda de Marina instal\u00f3 en dicha comunidad y cuyo responsable era S\u00e1nchez Labrada.<\/p>\n\n\n\n<p>El acusado y sus tres compa\u00f1eros apelaron el Auto de Formal Prisi\u00f3n en su contra y es la resoluci\u00f3n que espera favorable S\u00e1nchez Labrada pero con muy pocas posibilidades de \u00e9xito, pues su defensa no aport\u00f3 nuevas evidencias a su favor.<\/p>\n\n\n\n<p>A manera de antecedente es importante recordar que en sesi\u00f3n p\u00fablica del 21 de febrero del 2024 la Primera Sala de la Suprema Corte de Justicia de la Naci\u00f3n (SCJN) neg\u00f3 la protecci\u00f3n de la justicia federal al capit\u00e1n Ra\u00fal S\u00e1nchez Labrada y tres marineros que promovieron un amparo directo registrado con el n\u00famero 5\/2023 en contra de la sentencia reducida ante el Tribunal Colegiado de Apelaci\u00f3n del Cuarto Distrito.<\/p>\n\n\n\n<p>Con esta campa\u00f1a de mentiras en medios de comunicaci\u00f3n y comentaristas de redes sociales S\u00e1nchez Labrada tiene la intenci\u00f3n es negociar su libertad y dejar a sus compa\u00f1eros en prisi\u00f3n como \u201cchivos expiatorios\u201d.<\/p>\n\n\n\n<ol start=\"3\" class=\"wp-block-list\">\n<li>El 21 de marzo del 2016, la Comisi\u00f3n Nacional de los Derechos Humanos (CNDH) emiti\u00f3 la Recomendaci\u00f3n11\/2016 al entonces secretario de Marina, Almirante Vidal Francisco Sober\u00f3n Sanz, luego de acreditar la desaparici\u00f3n forzada y ejecuci\u00f3n arbitraria de Armando Humberto del Bosque Villareal, por parte del entonces capit\u00e1n de la Marina Ra\u00fal S\u00e1nchez Labrada misma que fue aceptada por la instituci\u00f3n naval y tres a\u00f1os despu\u00e9s se le dio total cumplimiento.<\/li>\n\n\n\n<li>S\u00e1nchez Labrada ha cambiado de asesor jur\u00eddico al menos en cuatro ocasiones por no aceptar la realidad de los hechos que lo mantienen en prisi\u00f3n: es un individuo sentenciado por desaparici\u00f3n forzada y no est\u00e1 en juego su presunta inocencia. Su primer juicio Proceso Penal 9\/2021 es cosa juzgada y adem\u00e1s la Secretar\u00eda de Marina deber\u00e1 proceder a la destituci\u00f3n de Ra\u00fal S\u00e1nchez Labrada como Capit\u00e1n de la Marina por ser penalmente responsable del delito de Desaparici\u00f3n Forzada de Personas.<\/li>\n<\/ol>\n\n\n\n<p>5.- Hasta el momento el ex capit\u00e1n Ra\u00fal S\u00e1nchez Labrada, sus asesores jur\u00eddicos ni sus voceros fantasiosos han formalizado acusaci\u00f3n alguna en contra de los agentes del Ministerio P\u00fablico de la Federaci\u00f3n (FGR) que supuestamente se prestaron para integrar una averiguaci\u00f3n previa penal dolosa e inconstitucional en su contra<\/p>\n\n\n\n<p><\/p>\n","protected":false},"excerpt":{"rendered":"<p>Nuevo Laredo, Tamaulipas, a 22 de Agosto del 2025.- En su desesperaci\u00f3n por enfrentar una condena que lo mantendr\u00eda de por vida en una prisi\u00f3n militar, el Capit\u00e1n de la Marina Ra\u00fal S\u00e1nchez Labrada ha intensificado una campa\u00f1a de desinformaci\u00f3n [&hellip;]<\/p>\n","protected":false},"author":2,"featured_media":112489,"comment_status":"closed","ping_status":"open","sticky":false,"template":"","format":"standard","meta":[],"categories":[77],"tags":[],"_links":{"self":[{"href":"http:\/\/noticiastelered.com\/PortalDNoticias\/wp-json\/wp\/v2\/posts\/112490"}],"collection":[{"href":"http:\/\/noticiastelered.com\/PortalDNoticias\/wp-json\/wp\/v2\/posts"}],"about":[{"href":"http:\/\/noticiastelered.com\/PortalDNoticias\/wp-json\/wp\/v2\/types\/post"}],"author":[{"embeddable":true,"href":"http:\/\/noticiastelered.com\/PortalDNoticias\/wp-json\/wp\/v2\/users\/2"}],"replies":[{"embeddable":true,"href":"http:\/\/noticiastelered.com\/PortalDNoticias\/wp-json\/wp\/v2\/comments?post=112490"}],"version-history":[{"count":1,"href":"http:\/\/noticiastelered.com\/PortalDNoticias\/wp-json\/wp\/v2\/posts\/112490\/revisions"}],"predecessor-version":[{"id":112491,"href":"http:\/\/noticiastelered.com\/PortalDNoticias\/wp-json\/wp\/v2\/posts\/112490\/revisions\/112491"}],"wp:featuredmedia":[{"embeddable":true,"href":"http:\/\/noticiastelered.com\/PortalDNoticias\/wp-json\/wp\/v2\/media\/112489"}],"wp:attachment":[{"href":"http:\/\/noticiastelered.com\/PortalDNoticias\/wp-json\/wp\/v2\/media?parent=112490"}],"wp:term":[{"taxonomy":"category","embeddable":true,"href":"http:\/\/noticiastelered.com\/PortalDNoticias\/wp-json\/wp\/v2\/categories?post=112490"},{"taxonomy":"post_tag","embeddable":true,"href":"http:\/\/noticiastelered.com\/PortalDNoticias\/wp-json\/wp\/v2\/tags?post=112490"}],"curies":[{"name":"wp","href":"https:\/\/api.w.org\/{rel}","templated":true}]}}