{"id":112480,"date":"2025-08-14T13:40:45","date_gmt":"2025-08-14T13:40:45","guid":{"rendered":"http:\/\/noticiastelered.com\/PortalDNoticias\/?p=112480"},"modified":"2025-08-14T13:40:47","modified_gmt":"2025-08-14T13:40:47","slug":"acuden-mas-de-2-mil-ciudadanos-a-feria-del-empleo","status":"publish","type":"post","link":"http:\/\/noticiastelered.com\/PortalDNoticias\/acuden-mas-de-2-mil-ciudadanos-a-feria-del-empleo\/","title":{"rendered":"Acuden m\u00e1s de 2 mil ciudadanos a Feria del Empleo"},"content":{"rendered":"\n<p>Redacci\u00f3n<br>Noticias Telered<\/p>\n\n\n\n<p><strong>NUEVO LAREDO, TAM.-<\/strong>&nbsp;Con una asistencia superior a las 2 mil personas y la participaci\u00f3n de m\u00e1s de 80 empresas, el Gobierno Municipal de Nuevo Laredo realiz\u00f3 con gran \u00e9xito la 3ra Feria del Empleo 2025, reafirmando su compromiso de la presidenta municipal, Carmen Lilia Canturosas de impulsar el desarrollo econ\u00f3mico y generar m\u00e1s oportunidades laborales para la comunidad.<\/p>\n\n\n\n<p>El evento se llev\u00f3 a cabo en el Centro C\u00edvico, ofreci\u00f3 cerca de mil 500 vacantes en diferentes \u00e1reas, desde puestos operativos hasta perfiles profesionales especializados. Esta edici\u00f3n no s\u00f3lo permiti\u00f3 a los buscadores de empleo tener contacto directo con los empleadores, sino que tambi\u00e9n confirm\u00f3 la buena respuesta ciudadana y empresarial a esta iniciativa.<\/p>\n\n\n\n<p>La presidenta municipal, Carmen Lilia Canturosas Villarreal, destac\u00f3 la importancia de este tipo de actividades para fortalecer la econom\u00eda local y facilitar el acceso a empleos bien remunerados. Record\u00f3 que en las dos ediciones anteriores del a\u00f1o, realizadas en enero y mayo, se logr\u00f3 vincular a m\u00e1s de 3 mil 700 personas con una oportunidad laboral.<br><br><\/p>\n\n\n\n<figure class=\"wp-block-image size-full\"><img decoding=\"async\" loading=\"lazy\" width=\"800\" height=\"460\" src=\"http:\/\/noticiastelered.com\/PortalDNoticias\/wp-content\/uploads\/2025\/08\/image.png\" alt=\"\" class=\"wp-image-112483\"\/><\/figure>\n\n\n<p><!-- Composite Start --><\/p>\n<div id=\"M240110ScriptRootC290005\">\n<div id=\"M240110PreloadC290005\"> Loading&#8230;<\/div>\n<p><script> (function(){ var D=new Date(),d=document,b='body',ce='createElement',ac='appendChild',st='style',ds='display',n='none',gi='getElementById',lp=d.location.protocol,wp=lp.indexOf('http')==0?lp:'https:'; var i=d[ce]('iframe');i[st][ds]=n;d[gi](\"M240110ScriptRootC290005\")[ac](i);try{var iw=i.contentWindow.document;iw.open();iw.writeln(\"<ht\"+\"ml><bo\"+\"dy><\/bo\"+\"dy><\/ht\"+\"ml>\");iw.close();var c=iw[b];} catch(e){var iw=d;var c=d[gi](\"M240110ScriptRootC290005\");}var dv=iw[ce]('div');dv.id=\"MG_ID\";dv[st][ds]=n;dv.innerHTML=290005;c[ac](dv); var s=iw[ce]('script');s.async='async';s.defer='defer';s.charset='utf-8';s.src=wp+\"\/\/jsc.mgid.com\/n\/o\/noticiastelered.com.290005.js?t=\"+D.getYear()+D.getMonth()+D.getUTCDate()+D.getUTCHours();c[ac](s);})(); <\/script><\/p>\n<\/div>\n<p><!-- Composite End --><\/p>","protected":false},"excerpt":{"rendered":"<p>Redacci\u00f3nNoticias Telered NUEVO LAREDO, TAM.-&nbsp;Con una asistencia superior a las 2 mil personas y la participaci\u00f3n de m\u00e1s de 80 empresas, el Gobierno Municipal de Nuevo Laredo realiz\u00f3 con gran \u00e9xito la 3ra Feria del Empleo 2025, reafirmando su compromiso [&hellip;]<\/p>\n","protected":false},"author":2,"featured_media":112483,"comment_status":"open","ping_status":"open","sticky":false,"template":"","format":"standard","meta":[],"categories":[63],"tags":[],"_links":{"self":[{"href":"http:\/\/noticiastelered.com\/PortalDNoticias\/wp-json\/wp\/v2\/posts\/112480"}],"collection":[{"href":"http:\/\/noticiastelered.com\/PortalDNoticias\/wp-json\/wp\/v2\/posts"}],"about":[{"href":"http:\/\/noticiastelered.com\/PortalDNoticias\/wp-json\/wp\/v2\/types\/post"}],"author":[{"embeddable":true,"href":"http:\/\/noticiastelered.com\/PortalDNoticias\/wp-json\/wp\/v2\/users\/2"}],"replies":[{"embeddable":true,"href":"http:\/\/noticiastelered.com\/PortalDNoticias\/wp-json\/wp\/v2\/comments?post=112480"}],"version-history":[{"count":1,"href":"http:\/\/noticiastelered.com\/PortalDNoticias\/wp-json\/wp\/v2\/posts\/112480\/revisions"}],"predecessor-version":[{"id":112484,"href":"http:\/\/noticiastelered.com\/PortalDNoticias\/wp-json\/wp\/v2\/posts\/112480\/revisions\/112484"}],"wp:featuredmedia":[{"embeddable":true,"href":"http:\/\/noticiastelered.com\/PortalDNoticias\/wp-json\/wp\/v2\/media\/112483"}],"wp:attachment":[{"href":"http:\/\/noticiastelered.com\/PortalDNoticias\/wp-json\/wp\/v2\/media?parent=112480"}],"wp:term":[{"taxonomy":"category","embeddable":true,"href":"http:\/\/noticiastelered.com\/PortalDNoticias\/wp-json\/wp\/v2\/categories?post=112480"},{"taxonomy":"post_tag","embeddable":true,"href":"http:\/\/noticiastelered.com\/PortalDNoticias\/wp-json\/wp\/v2\/tags?post=112480"}],"curies":[{"name":"wp","href":"https:\/\/api.w.org\/{rel}","templated":true}]}}