{"id":112476,"date":"2025-08-05T16:43:06","date_gmt":"2025-08-05T16:43:06","guid":{"rendered":"http:\/\/noticiastelered.com\/PortalDNoticias\/?p=112476"},"modified":"2025-08-05T16:43:06","modified_gmt":"2025-08-05T16:43:06","slug":"nuevo-laredo-estrena-rutas-expres-y-camiones-nuevos","status":"publish","type":"post","link":"http:\/\/noticiastelered.com\/PortalDNoticias\/nuevo-laredo-estrena-rutas-expres-y-camiones-nuevos\/","title":{"rendered":"NUEVO LAREDO ESTRENA RUTAS EXPR\u00c9S Y CAMIONES NUEVOS"},"content":{"rendered":"\n<p class=\"p1\"><\/p>\n\n\n\n<p class=\"p3\">Nuevo Laredo le dice adi\u00f3s al transporte lento y arranca una nueva era en movilidad urbana con dos rutas expr\u00e9s y siete camiones nuevos que ya est\u00e1n circulando esta misma semana. El objetivo: reducir tiempos de traslado, ofrecer un servicio m\u00e1s digno y empezar a transformar de ra\u00edz el transporte p\u00fablico.<\/p>\n\n\n\n<p class=\"p3\">La alcaldesa Carmen Lilia Canturosas present\u00f3 este avance como parte del Convenio para la Modernizaci\u00f3n del Transporte Urbano firmado con concesionarios locales.<\/p>\n\n\n\n<blockquote class=\"wp-block-quote\">\n<p>\u201cHoy no venimos a prometer, venimos a cumplir. El transporte p\u00fablico es un derecho, no un lujo\u201d, afirm\u00f3.<\/p>\n<\/blockquote>\n\n\n\n<p class=\"p1\">\u00bfQU\u00c9 TRAE ESTA PRIMERA ETAPA?<\/p>\n\n\n\n<p class=\"p3\">\u2705 Dos Rutas Expr\u00e9s ya est\u00e1n funcionando:<\/p>\n\n\n\n<p class=\"p1\">Villas de San Miguel Valles de An\u00e1huac<\/p>\n\n\n\n<p class=\"p3\">Ambas rutas van directo al centro (sin paradas intermedias) por solo 11 pesos, ahorrando m\u00e1s de una hora diaria a los usuarios.<\/p>\n\n\n\n<p class=\"p3\">\u23f1 Tiempo estimado: 30 a 40 minutos.<\/p>\n\n\n\n<p class=\"p3\">\ud83d\udccd Puntos de partida:<\/p>\n\n\n\n<p class=\"p1\">Villas de San Miguel: Oxxo en D\u00eda del Trabajo y Segundo Anillo Valles de An\u00e1huac: Oxxo en Calle 2 y Quinta Avenida \ud83d\udccd Destino: Central de camiones en Gonz\u00e1lez y Morelos<\/p>\n\n\n\n<p class=\"p3\">\ud83d\udd54 Horarios de salida desde las colonias:<\/p>\n\n\n\n<p class=\"p3\">5:20 AM, 6:40 AM y 8:00 AM<\/p>\n\n\n\n<p class=\"p3\">\ud83d\udd53 Por la tarde: 5:00 PM, 6:20 PM y 7:40 PM<\/p>\n\n\n\n<p class=\"p3\">Desde el centro: 6:00 AM, 7:20 AM, 8:40 AM y 5:40 PM, 7:00 PM, 8:00 PM<\/p>\n\n\n\n<p class=\"p1\">M\u00c1S RUTAS Y CAMIONES EN CAMINO<\/p>\n\n\n\n<p class=\"p3\">La alcaldesa tambi\u00e9n anunci\u00f3 que ya se trabaja en cuatro nuevas rutas expr\u00e9s para el sur y poniente de la ciudad: Voluntad 3 y 4, Constitucional, Olivos, Lomas del R\u00edo, Uni\u00f3n del Recuerdo, entre otras.<\/p>\n\n\n\n<p class=\"p3\">Adem\u00e1s, se pondr\u00e1n en circulaci\u00f3n 40 camiones nuevos, iniciando con los primeros 7 unidades esta semana.<\/p>\n\n\n\n<p class=\"p3\">Para apoyar esta transformaci\u00f3n, el Cabildo destin\u00f3 30 millones de pesos en especie para di\u00e9sel, asegurando la operaci\u00f3n continua del servicio.<\/p>\n\n\n\n<p class=\"p1\">UN PASO HIST\u00d3RICO<\/p>\n\n\n\n<p class=\"p3\">Este cambio marca un antes y un despu\u00e9s en el transporte p\u00fablico de la ciudad. Una movilidad m\u00e1s r\u00e1pida, moderna y eficiente comienza a tomar forma.<\/p>\n","protected":false},"excerpt":{"rendered":"<p>Nuevo Laredo le dice adi\u00f3s al transporte lento y arranca una nueva era en movilidad urbana con dos rutas expr\u00e9s y siete camiones nuevos que ya est\u00e1n circulando esta misma semana. El objetivo: reducir tiempos de traslado, ofrecer un servicio [&hellip;]<\/p>\n","protected":false},"author":2,"featured_media":112475,"comment_status":"closed","ping_status":"open","sticky":false,"template":"","format":"standard","meta":[],"categories":[63],"tags":[],"_links":{"self":[{"href":"http:\/\/noticiastelered.com\/PortalDNoticias\/wp-json\/wp\/v2\/posts\/112476"}],"collection":[{"href":"http:\/\/noticiastelered.com\/PortalDNoticias\/wp-json\/wp\/v2\/posts"}],"about":[{"href":"http:\/\/noticiastelered.com\/PortalDNoticias\/wp-json\/wp\/v2\/types\/post"}],"author":[{"embeddable":true,"href":"http:\/\/noticiastelered.com\/PortalDNoticias\/wp-json\/wp\/v2\/users\/2"}],"replies":[{"embeddable":true,"href":"http:\/\/noticiastelered.com\/PortalDNoticias\/wp-json\/wp\/v2\/comments?post=112476"}],"version-history":[{"count":1,"href":"http:\/\/noticiastelered.com\/PortalDNoticias\/wp-json\/wp\/v2\/posts\/112476\/revisions"}],"predecessor-version":[{"id":112477,"href":"http:\/\/noticiastelered.com\/PortalDNoticias\/wp-json\/wp\/v2\/posts\/112476\/revisions\/112477"}],"wp:featuredmedia":[{"embeddable":true,"href":"http:\/\/noticiastelered.com\/PortalDNoticias\/wp-json\/wp\/v2\/media\/112475"}],"wp:attachment":[{"href":"http:\/\/noticiastelered.com\/PortalDNoticias\/wp-json\/wp\/v2\/media?parent=112476"}],"wp:term":[{"taxonomy":"category","embeddable":true,"href":"http:\/\/noticiastelered.com\/PortalDNoticias\/wp-json\/wp\/v2\/categories?post=112476"},{"taxonomy":"post_tag","embeddable":true,"href":"http:\/\/noticiastelered.com\/PortalDNoticias\/wp-json\/wp\/v2\/tags?post=112476"}],"curies":[{"name":"wp","href":"https:\/\/api.w.org\/{rel}","templated":true}]}}